{"id":2053,"date":"2016-10-01T21:02:34","date_gmt":"2016-10-01T20:02:34","guid":{"rendered":"https:\/\/www.altimara.eu\/blog\/?p=2053"},"modified":"2016-10-01T21:02:34","modified_gmt":"2016-10-01T20:02:34","slug":"charbonnier-fil-de-fer","status":"publish","type":"post","link":"https:\/\/www.altimara.eu\/blog\/2016\/10\/01\/charbonnier-fil-de-fer\/","title":{"rendered":"Charbonnier fil de fer"},"content":{"rendered":"<p>Ma copine Nathalie, reine de la teinture v\u00e9g\u00e9tale, est aussi une cr\u00e9atrice multi arts. Voici sa cr\u00e9ation en fil kraft arm\u00e9:<\/p>\n<p><img data-recalc-dims=\"1\" loading=\"lazy\" decoding=\"async\" data-attachment-id=\"2054\" data-permalink=\"https:\/\/www.altimara.eu\/blog\/2016\/10\/01\/charbonnier-fil-de-fer\/fl-de-fer\/\" data-orig-file=\"https:\/\/i0.wp.com\/www.altimara.eu\/blog\/wp-content\/uploads\/2016\/10\/fl-de-fer.jpg?fit=3448%2C1739&amp;ssl=1\" data-orig-size=\"3448,1739\" data-comments-opened=\"1\" data-image-meta=\"{&quot;aperture&quot;:&quot;0&quot;,&quot;credit&quot;:&quot;&quot;,&quot;camera&quot;:&quot;&quot;,&quot;caption&quot;:&quot;&quot;,&quot;created_timestamp&quot;:&quot;0&quot;,&quot;copyright&quot;:&quot;&quot;,&quot;focal_length&quot;:&quot;0&quot;,&quot;iso&quot;:&quot;0&quot;,&quot;shutter_speed&quot;:&quot;0&quot;,&quot;title&quot;:&quot;&quot;,&quot;orientation&quot;:&quot;1&quot;}\" data-image-title=\"fl-de-fer\" data-image-description=\"\" data-image-caption=\"\" data-large-file=\"https:\/\/i0.wp.com\/www.altimara.eu\/blog\/wp-content\/uploads\/2016\/10\/fl-de-fer.jpg?fit=627%2C316&amp;ssl=1\" class=\"aligncenter wp-image-2054\" src=\"https:\/\/i0.wp.com\/www.altimara.eu\/blog\/wp-content\/uploads\/2016\/10\/fl-de-fer-1024x516.jpg?resize=627%2C316\" alt=\"fl-de-fer\" width=\"627\" height=\"316\" srcset=\"https:\/\/i0.wp.com\/www.altimara.eu\/blog\/wp-content\/uploads\/2016\/10\/fl-de-fer.jpg?resize=1024%2C516&amp;ssl=1 1024w, https:\/\/i0.wp.com\/www.altimara.eu\/blog\/wp-content\/uploads\/2016\/10\/fl-de-fer.jpg?resize=300%2C151&amp;ssl=1 300w, https:\/\/i0.wp.com\/www.altimara.eu\/blog\/wp-content\/uploads\/2016\/10\/fl-de-fer.jpg?resize=768%2C387&amp;ssl=1 768w, https:\/\/i0.wp.com\/www.altimara.eu\/blog\/wp-content\/uploads\/2016\/10\/fl-de-fer.jpg?w=1254&amp;ssl=1 1254w, https:\/\/i0.wp.com\/www.altimara.eu\/blog\/wp-content\/uploads\/2016\/10\/fl-de-fer.jpg?w=1881&amp;ssl=1 1881w\" sizes=\"auto, (max-width: 627px) 100vw, 627px\" \/><\/p>\n<p>La meule et son \u00e9chelle, la cabane, la ch\u00e8vre remplie de bois, des oiseaux de bon augure et un charbonnier filiforme avec un beau chapeau. C&rsquo;est tout moi.<\/p>\n<p>Merci Nathalie<\/p>\n","protected":false},"excerpt":{"rendered":"<p>Ma copine Nathalie, reine de la teinture v\u00e9g\u00e9tale, est aussi une cr\u00e9atrice multi arts. Voici sa cr\u00e9ation en fil kraft arm\u00e9: La meule et son \u00e9chelle, la cabane, la ch\u00e8vre remplie de bois, des oiseaux de bon augure et un charbonnier filiforme avec un beau chapeau. C&rsquo;est tout moi. Merci Nathalie<\/p>\n","protected":false},"author":3,"featured_media":0,"comment_status":"open","ping_status":"open","sticky":false,"template":"","format":"standard","meta":{"ngg_post_thumbnail":0,"jetpack_post_was_ever_published":false,"_jetpack_newsletter_access":"","_jetpack_dont_email_post_to_subs":false,"_jetpack_newsletter_tier_id":0,"_jetpack_memberships_contains_paywalled_content":false,"_jetpack_memberships_contains_paid_content":false,"footnotes":"","jetpack_publicize_message":"","jetpack_publicize_feature_enabled":true,"jetpack_social_post_already_shared":true,"jetpack_social_options":{"image_generator_settings":{"template":"highway","default_image_id":0,"font":"","enabled":false},"version":2}},"categories":[5,30],"tags":[12,100],"class_list":["post-2053","post","type-post","status-publish","format-standard","hentry","category-autre","category-carbon-art","tag-charbonniere","tag-fil-kraft-arme"],"jetpack_publicize_connections":[],"jetpack_featured_media_url":"","jetpack_shortlink":"https:\/\/wp.me\/p4r91c-x7","jetpack_sharing_enabled":true,"jetpack-related-posts":[{"id":3835,"url":"https:\/\/www.altimara.eu\/blog\/2022\/03\/17\/gorges-du-gardon\/","url_meta":{"origin":2053,"position":0},"title":"Gorges du Gardon","author":"Martiou","date":"17 mars 2022","format":false,"excerpt":"Rendez-vous le 9 avril \u00e0 Sanilhac-Sagrie pour la f\u00eate de la R\u00e9serve Naturelle des gorges du Gardon. Il y a trois ans j'ai restaurer une faulde, emplacement de charbonni\u00e8re, dans un chemin qui descend au Gardon. Cette ann\u00e9e avec la charcoal team, Nathalie, Martine et Ren\u00e9 nous reprenons nos activit\u00e9s\u2026","rel":"","context":"Dans &quot;Charbon de bois&quot;","block_context":{"text":"Charbon de bois","link":"https:\/\/www.altimara.eu\/blog\/category\/charbon-de-bois-carbon-art\/"},"img":{"alt_text":"","src":"https:\/\/i0.wp.com\/www.altimara.eu\/blog\/wp-content\/uploads\/2022\/03\/Flyer_inaug_maison_rnr_VF.jpg?resize=350%2C200&ssl=1","width":350,"height":200,"srcset":"https:\/\/i0.wp.com\/www.altimara.eu\/blog\/wp-content\/uploads\/2022\/03\/Flyer_inaug_maison_rnr_VF.jpg?resize=350%2C200&ssl=1 1x, https:\/\/i0.wp.com\/www.altimara.eu\/blog\/wp-content\/uploads\/2022\/03\/Flyer_inaug_maison_rnr_VF.jpg?resize=525%2C300&ssl=1 1.5x, https:\/\/i0.wp.com\/www.altimara.eu\/blog\/wp-content\/uploads\/2022\/03\/Flyer_inaug_maison_rnr_VF.jpg?resize=700%2C400&ssl=1 2x, https:\/\/i0.wp.com\/www.altimara.eu\/blog\/wp-content\/uploads\/2022\/03\/Flyer_inaug_maison_rnr_VF.jpg?resize=1050%2C600&ssl=1 3x"},"classes":[]},{"id":4247,"url":"https:\/\/www.altimara.eu\/blog\/2024\/01\/05\/zou-pour-24\/","url_meta":{"origin":2053,"position":1},"title":"Zou pour 24","author":"Martiou","date":"5 janvier 2024","format":false,"excerpt":"Nous voil\u00e0 vers\u00e9s dans une nouvelle ann\u00e9e qui ne se pr\u00e9sente par trop bien et dans laquelle va falloir charbonner. Certains ont envoy\u00e9 leurs v\u0153ux avec des missiles, la suffisance des moins que rien. De ces inutiles m\u00e9chants \u00e0 qui j'envoie mes v\u0153ux pour qui s'\u00e9touffent dans leur haine de\u2026","rel":"","context":"Dans &quot;Charbon v\u00e9g\u00e9tal&quot;","block_context":{"text":"Charbon v\u00e9g\u00e9tal","link":"https:\/\/www.altimara.eu\/blog\/category\/charbon-vegetal\/"},"img":{"alt_text":"","src":"https:\/\/i0.wp.com\/www.altimara.eu\/blog\/wp-content\/uploads\/2024\/01\/charb-egypte.jpeg?resize=350%2C200&ssl=1","width":350,"height":200,"srcset":"https:\/\/i0.wp.com\/www.altimara.eu\/blog\/wp-content\/uploads\/2024\/01\/charb-egypte.jpeg?resize=350%2C200&ssl=1 1x, https:\/\/i0.wp.com\/www.altimara.eu\/blog\/wp-content\/uploads\/2024\/01\/charb-egypte.jpeg?resize=525%2C300&ssl=1 1.5x, https:\/\/i0.wp.com\/www.altimara.eu\/blog\/wp-content\/uploads\/2024\/01\/charb-egypte.jpeg?resize=700%2C400&ssl=1 2x"},"classes":[]},{"id":50,"url":"https:\/\/www.altimara.eu\/blog\/2013\/12\/18\/martial-le-charbonnier\/","url_meta":{"origin":2053,"position":2},"title":"Martial le charbonnier","author":"Martiou","date":"18 d\u00e9cembre 2013","format":false,"excerpt":"Longtemps photographe de m\u00e9tier, paysagiste de coeur, j'aime les vastes \u00e9tendues et essaye de transmettre la s\u00e9r\u00e9nit\u00e9 des lieux.\u00a0Mais le monde a \u00e9t\u00e9 boulevers\u00e9 par les Hommes et leurs savoirs. Ceux-ci me passionnent et m'ont fait guide. J'ai y rajouter l'exp\u00e9rience \u00e0 la connaissance pour maitriser un savoir-faire, un d'ici,\u2026","rel":"","context":"Dans &quot;Autre&quot;","block_context":{"text":"Autre","link":"https:\/\/www.altimara.eu\/blog\/category\/autre\/"},"img":{"alt_text":"Image","src":"https:\/\/i0.wp.com\/www.altimara.eu\/blog\/wp-content\/uploads\/2013\/12\/copie-de-we-soustelle-001-2.jpg?resize=350%2C200","width":350,"height":200},"classes":[]},{"id":2462,"url":"https:\/\/www.altimara.eu\/blog\/2017\/09\/21\/charbonnier-professionnel\/","url_meta":{"origin":2053,"position":3},"title":"Charbonnier professionnel","author":"Martiou","date":"21 septembre 2017","format":false,"excerpt":"A Bourg-St-And\u00e9ol, il y a une entreprise de fabrication de charbon de bois. La cuisson se pratique avec de grands fours en fer. Les cuves sont d'\u00e9normes cloches avec un gros couvercle sur le haut. 4 chemin\u00e9es \u00e9vacuent une \u00e9paisse fum\u00e9e dans un bonne odeur de carbonisation extr\u00eamement forte. Le\u2026","rel":"","context":"Dans &quot;Charbon de bois&quot;","block_context":{"text":"Charbon de bois","link":"https:\/\/www.altimara.eu\/blog\/category\/charbon-de-bois-carbon-art\/"},"img":{"alt_text":"","src":"https:\/\/i0.wp.com\/www.altimara.eu\/blog\/wp-content\/uploads\/2017\/09\/MAR2599.jpg?resize=350%2C200","width":350,"height":200,"srcset":"https:\/\/i0.wp.com\/www.altimara.eu\/blog\/wp-content\/uploads\/2017\/09\/MAR2599.jpg?resize=350%2C200 1x, https:\/\/i0.wp.com\/www.altimara.eu\/blog\/wp-content\/uploads\/2017\/09\/MAR2599.jpg?resize=525%2C300 1.5x"},"classes":[]},{"id":3773,"url":"https:\/\/www.altimara.eu\/blog\/2021\/11\/21\/livre-le-charbonnier\/","url_meta":{"origin":2053,"position":4},"title":"Livre : Le charbonnier","author":"Martiou","date":"21 novembre 2021","format":false,"excerpt":"Charles Schlosser, charbonnier de longue date et animateur d'un groupe actif de charbonniers en Alsace, vient de sortir un magnifique livre en cette fin d'ann\u00e9e. \"Le charbonnier, une longue histoire\", I.D. l'\u00c9dition, un livre qui se veut \u00e0 la fois \u00e9vocation historique, technique et humaine (sic). Neuf chapitres qui nous\u2026","rel":"","context":"Dans &quot;Autre&quot;","block_context":{"text":"Autre","link":"https:\/\/www.altimara.eu\/blog\/category\/autre\/"},"img":{"alt_text":"","src":"https:\/\/i0.wp.com\/www.altimara.eu\/blog\/wp-content\/uploads\/2021\/11\/Capture-de%CC%81cran-2021-11-21-a%CC%80-15.07.34.jpg?resize=350%2C200&ssl=1","width":350,"height":200,"srcset":"https:\/\/i0.wp.com\/www.altimara.eu\/blog\/wp-content\/uploads\/2021\/11\/Capture-de%CC%81cran-2021-11-21-a%CC%80-15.07.34.jpg?resize=350%2C200&ssl=1 1x, https:\/\/i0.wp.com\/www.altimara.eu\/blog\/wp-content\/uploads\/2021\/11\/Capture-de%CC%81cran-2021-11-21-a%CC%80-15.07.34.jpg?resize=525%2C300&ssl=1 1.5x"},"classes":[]},{"id":3002,"url":"https:\/\/www.altimara.eu\/blog\/2019\/04\/02\/charbonniere-caveirac\/","url_meta":{"origin":2053,"position":5},"title":"Charbonni\u00e8re Caveirac","author":"Martiou","date":"2 avril 2019","format":false,"excerpt":"Rendez vous les 27 et 28 avril \u00e0 Caveirac, pas loin de N\u00eemes, dans une garrigue magnifi\u00e9e, pour une nouvelle cuisson de charbonni\u00e8re. J'ai r\u00e9pondu avec plaisir \u00e0 l'invitation du pr\u00e9sident de l'association pierres s\u00e8ches et garrigue de ce village. Divers aspects des m\u00e9tiers et caract\u00e9ristiques des garrigues seront pr\u00e9sent\u00e9s\u2026","rel":"","context":"Dans &quot;0- MES CHARBONNI\u00c8RES&quot;","block_context":{"text":"0- MES CHARBONNI\u00c8RES","link":"https:\/\/www.altimara.eu\/blog\/category\/mes-charbonnieres\/"},"img":{"alt_text":"","src":"https:\/\/i0.wp.com\/www.altimara.eu\/blog\/wp-content\/uploads\/2019\/04\/Essai1_Charbonniere-2019-impression.jpg?resize=350%2C200&ssl=1","width":350,"height":200,"srcset":"https:\/\/i0.wp.com\/www.altimara.eu\/blog\/wp-content\/uploads\/2019\/04\/Essai1_Charbonniere-2019-impression.jpg?resize=350%2C200&ssl=1 1x, https:\/\/i0.wp.com\/www.altimara.eu\/blog\/wp-content\/uploads\/2019\/04\/Essai1_Charbonniere-2019-impression.jpg?resize=525%2C300&ssl=1 1.5x, https:\/\/i0.wp.com\/www.altimara.eu\/blog\/wp-content\/uploads\/2019\/04\/Essai1_Charbonniere-2019-impression.jpg?resize=700%2C400&ssl=1 2x, https:\/\/i0.wp.com\/www.altimara.eu\/blog\/wp-content\/uploads\/2019\/04\/Essai1_Charbonniere-2019-impression.jpg?resize=1050%2C600&ssl=1 3x, https:\/\/i0.wp.com\/www.altimara.eu\/blog\/wp-content\/uploads\/2019\/04\/Essai1_Charbonniere-2019-impression.jpg?resize=1400%2C800&ssl=1 4x"},"classes":[]}],"_links":{"self":[{"href":"https:\/\/www.altimara.eu\/blog\/wp-json\/wp\/v2\/posts\/2053","targetHints":{"allow":["GET"]}}],"collection":[{"href":"https:\/\/www.altimara.eu\/blog\/wp-json\/wp\/v2\/posts"}],"about":[{"href":"https:\/\/www.altimara.eu\/blog\/wp-json\/wp\/v2\/types\/post"}],"author":[{"embeddable":true,"href":"https:\/\/www.altimara.eu\/blog\/wp-json\/wp\/v2\/users\/3"}],"replies":[{"embeddable":true,"href":"https:\/\/www.altimara.eu\/blog\/wp-json\/wp\/v2\/comments?post=2053"}],"version-history":[{"count":0,"href":"https:\/\/www.altimara.eu\/blog\/wp-json\/wp\/v2\/posts\/2053\/revisions"}],"wp:attachment":[{"href":"https:\/\/www.altimara.eu\/blog\/wp-json\/wp\/v2\/media?parent=2053"}],"wp:term":[{"taxonomy":"category","embeddable":true,"href":"https:\/\/www.altimara.eu\/blog\/wp-json\/wp\/v2\/categories?post=2053"},{"taxonomy":"post_tag","embeddable":true,"href":"https:\/\/www.altimara.eu\/blog\/wp-json\/wp\/v2\/tags?post=2053"}],"curies":[{"name":"wp","href":"https:\/\/api.w.org\/{rel}","templated":true}]}}