{"id":1913,"date":"2016-07-03T16:22:41","date_gmt":"2016-07-03T15:22:41","guid":{"rendered":"https:\/\/www.altimara.eu\/blog\/?p=1913"},"modified":"2016-07-29T11:58:49","modified_gmt":"2016-07-29T10:58:49","slug":"charbon-vegetal-2","status":"publish","type":"post","link":"https:\/\/www.altimara.eu\/blog\/2016\/07\/03\/charbon-vegetal-2\/","title":{"rendered":"Charbon v\u00e9g\u00e9tal"},"content":{"rendered":"<p><img data-recalc-dims=\"1\" loading=\"lazy\" decoding=\"async\" data-attachment-id=\"1905\" data-permalink=\"https:\/\/www.altimara.eu\/blog\/2016\/06\/21\/charbon-vegetal\/12039617_473223816213736_6462458700753161519_n\/\" data-orig-file=\"https:\/\/i0.wp.com\/www.altimara.eu\/blog\/wp-content\/uploads\/2016\/06\/12039617_473223816213736_6462458700753161519_n.png?fit=160%2C160&amp;ssl=1\" data-orig-size=\"160,160\" data-comments-opened=\"1\" data-image-meta=\"{&quot;aperture&quot;:&quot;0&quot;,&quot;credit&quot;:&quot;&quot;,&quot;camera&quot;:&quot;&quot;,&quot;caption&quot;:&quot;&quot;,&quot;created_timestamp&quot;:&quot;0&quot;,&quot;copyright&quot;:&quot;&quot;,&quot;focal_length&quot;:&quot;0&quot;,&quot;iso&quot;:&quot;0&quot;,&quot;shutter_speed&quot;:&quot;0&quot;,&quot;title&quot;:&quot;&quot;,&quot;orientation&quot;:&quot;0&quot;}\" data-image-title=\"12039617_473223816213736_6462458700753161519_n\" data-image-description=\"\" data-image-caption=\"\" data-large-file=\"https:\/\/i0.wp.com\/www.altimara.eu\/blog\/wp-content\/uploads\/2016\/06\/12039617_473223816213736_6462458700753161519_n.png?fit=160%2C160&amp;ssl=1\" class=\"alignleft size-thumbnail wp-image-1905\" src=\"https:\/\/i0.wp.com\/www.altimara.eu\/blog\/wp-content\/uploads\/2016\/06\/12039617_473223816213736_6462458700753161519_n-150x150.png?resize=150%2C150\" alt=\"12039617_473223816213736_6462458700753161519_n\" width=\"150\" height=\"150\" srcset=\"https:\/\/i0.wp.com\/www.altimara.eu\/blog\/wp-content\/uploads\/2016\/06\/12039617_473223816213736_6462458700753161519_n.png?resize=150%2C150&amp;ssl=1 150w, https:\/\/i0.wp.com\/www.altimara.eu\/blog\/wp-content\/uploads\/2016\/06\/12039617_473223816213736_6462458700753161519_n.png?w=160&amp;ssl=1 160w\" sizes=\"auto, (max-width: 150px) 100vw, 150px\" \/>Il existe tout un tas de techniques pour fabriquer des \u00ab\u00a0briquettes\u00a0\u00bb ou \u00ab\u00a0galets\u00a0\u00bb de charbon de bois \u00e0 partir de poudre de charbon.<\/p>\n<p>Il faut avoir un stock de charbon v\u00e9g\u00e9tal assez cons\u00e9quent pour produire, \u00e0 l&rsquo;\u00e9chelle artisanale, une quantit\u00e9 suffisante qui soit rentable.<\/p>\n<p>La mati\u00e8re premi\u00e8re, celle qu&rsquo;il faut carboniser, est importante en Afrique tropicale. J&rsquo;ai vu dans une vid\u00e9o internet, l&rsquo;histoire poignante d&rsquo;enfants qui ramassent la poussi\u00e8re de charbon tomb\u00e9e des sacs dans les march\u00e9s. Ils vendent ces poussi\u00e8res aux fabricants de galettes. Hormis le fait que cette histoire est path\u00e9tique pour les enfants, elle montre que la perte de charbon est assez importante pour en permettre un usage. Cela rappelle que la d\u00e9forestation se retrouve dans toute la chaine d&rsquo;exploitation, m\u00eame dans les infimes poussi\u00e8res perdues, car si dans ce cas elle est ramass\u00e9e ce n&rsquo;est pas le cas de partout (et les enfants doivent avoir une autre vie que celle l\u00e0). Donc plus la perte est importante et plus il faut produire en amont pour compenser.<\/p>\n<p>Un autre \u00e9l\u00e9ment est la qualit\u00e9 qui peut \u00eatre tr\u00e8s moyenne des charbons de bois produit \u00e0 partir d&rsquo;arbres. Si la cuisson n&rsquo;est pas assez compl\u00e8te, le taux de carbone va se limiter de 70 \u00e0 75 %. Le bois carbonis\u00e9 ressemble \u00e0 du charbon de bois mais il reste au pire 30% de bois. Ce pseudo charbon s&rsquo;enflamme facilement ce qui facilite la vie des cuisini\u00e8res. Malheureusement les r\u00e9sidus d&rsquo;hydrocarbures trop importants vont contamin\u00e9s la nourriture et produire beaucoup de fum\u00e9es. La puissance calorifique est moindre et la tenue dans le temps bien plus courte. Pour les forgerons c&rsquo;est aussi un handicap.<\/p>\n<p>Si des charbonniers fabriquent du charbon avec ces temps de cuissons courts, au del\u00e0 d&rsquo;un manque d&rsquo;exp\u00e9rience, c&rsquo;est pour produire plus rapidement des grandes quantit\u00e9s. Aussi ils sont un facteur de destructions des for\u00eats car ils ont besoin de plus de bois qu&rsquo;il ne faudrait pour obtenir la m\u00eame puissance calorifique qu&rsquo;avec un charbon, \u00e0 85% ou +, de carbone, plus performant.<\/p>\n<p>Le charbon v\u00e9g\u00e9tal est une r\u00e9ponse \u00e0 cette perte car il se \u00ab\u00a0nourrit\u00a0\u00bb de restes perdus et si il est fabriqu\u00e9 dans les normes, avec r\u00e9cup\u00e9ration des gaz donc avec un excellent taux carbone, il peut compenser les coupes de bois inutiles. De plus les galettes produisent moins de poussi\u00e8res du fait de leurs agglom\u00e9rats.<\/p>\n<p>ONG:<a href=\"https:\/\/www.facebook.com\/coopdea\/\" target=\"_blank\">COOPEDA<\/a><\/p>\n<p style=\"text-align: center;\">Les galettes finies<\/p>\n<p><img data-recalc-dims=\"1\" loading=\"lazy\" decoding=\"async\" data-attachment-id=\"1915\" data-permalink=\"https:\/\/www.altimara.eu\/blog\/2016\/07\/03\/charbon-vegetal-2\/image-0-02-01-0f9c0e668d3c21fd5ea7b13ab1d09ac19921f76ea3cf73c833d1ae8a5f1f683d-v-2\/\" data-orig-file=\"https:\/\/i0.wp.com\/www.altimara.eu\/blog\/wp-content\/uploads\/2016\/07\/image-0.02.01.0f9c0e668d3c21fd5ea7b13ab1d09ac19921f76ea3cf73c833d1ae8a5f1f683d-V-2.jpg?fit=1000%2C750&amp;ssl=1\" data-orig-size=\"1000,750\" data-comments-opened=\"1\" data-image-meta=\"{&quot;aperture&quot;:&quot;0&quot;,&quot;credit&quot;:&quot;&quot;,&quot;camera&quot;:&quot;&quot;,&quot;caption&quot;:&quot;&quot;,&quot;created_timestamp&quot;:&quot;0&quot;,&quot;copyright&quot;:&quot;&quot;,&quot;focal_length&quot;:&quot;0&quot;,&quot;iso&quot;:&quot;0&quot;,&quot;shutter_speed&quot;:&quot;0&quot;,&quot;title&quot;:&quot;&quot;,&quot;orientation&quot;:&quot;0&quot;}\" data-image-title=\"image-0.02.01.0f9c0e668d3c21fd5ea7b13ab1d09ac19921f76ea3cf73c833d1ae8a5f1f683d-V-2\" data-image-description=\"\" data-image-caption=\"\" data-large-file=\"https:\/\/i0.wp.com\/www.altimara.eu\/blog\/wp-content\/uploads\/2016\/07\/image-0.02.01.0f9c0e668d3c21fd5ea7b13ab1d09ac19921f76ea3cf73c833d1ae8a5f1f683d-V-2.jpg?fit=627%2C470&amp;ssl=1\" class=\"size-medium wp-image-1915 aligncenter\" src=\"https:\/\/i0.wp.com\/www.altimara.eu\/blog\/wp-content\/uploads\/2016\/07\/image-0.02.01.0f9c0e668d3c21fd5ea7b13ab1d09ac19921f76ea3cf73c833d1ae8a5f1f683d-V-2-300x225.jpg?resize=300%2C225\" alt=\"image-0.02.01.0f9c0e668d3c21fd5ea7b13ab1d09ac19921f76ea3cf73c833d1ae8a5f1f683d-V-2\" width=\"300\" height=\"225\" srcset=\"https:\/\/i0.wp.com\/www.altimara.eu\/blog\/wp-content\/uploads\/2016\/07\/image-0.02.01.0f9c0e668d3c21fd5ea7b13ab1d09ac19921f76ea3cf73c833d1ae8a5f1f683d-V-2.jpg?resize=300%2C225&amp;ssl=1 300w, https:\/\/i0.wp.com\/www.altimara.eu\/blog\/wp-content\/uploads\/2016\/07\/image-0.02.01.0f9c0e668d3c21fd5ea7b13ab1d09ac19921f76ea3cf73c833d1ae8a5f1f683d-V-2.jpg?resize=768%2C576&amp;ssl=1 768w, https:\/\/i0.wp.com\/www.altimara.eu\/blog\/wp-content\/uploads\/2016\/07\/image-0.02.01.0f9c0e668d3c21fd5ea7b13ab1d09ac19921f76ea3cf73c833d1ae8a5f1f683d-V-2.jpg?w=1000&amp;ssl=1 1000w\" sizes=\"auto, (max-width: 300px) 100vw, 300px\" \/><\/p>\n<p style=\"text-align: center;\">Des outils simples, le \u00ab\u00a0Galetteur\u00a0\u00bb<\/p>\n<p><img data-recalc-dims=\"1\" loading=\"lazy\" decoding=\"async\" data-attachment-id=\"1914\" data-permalink=\"https:\/\/www.altimara.eu\/blog\/2016\/07\/03\/charbon-vegetal-2\/img_20160703_150337280-2\/\" data-orig-file=\"https:\/\/i0.wp.com\/www.altimara.eu\/blog\/wp-content\/uploads\/2016\/07\/IMG_20160703_150337280-2.jpg?fit=869%2C1000&amp;ssl=1\" data-orig-size=\"869,1000\" data-comments-opened=\"1\" data-image-meta=\"{&quot;aperture&quot;:&quot;2&quot;,&quot;credit&quot;:&quot;&quot;,&quot;camera&quot;:&quot;MotoG3&quot;,&quot;caption&quot;:&quot;&quot;,&quot;created_timestamp&quot;:&quot;1467558217&quot;,&quot;copyright&quot;:&quot;&quot;,&quot;focal_length&quot;:&quot;3.64&quot;,&quot;iso&quot;:&quot;50&quot;,&quot;shutter_speed&quot;:&quot;0.02&quot;,&quot;title&quot;:&quot;&quot;,&quot;orientation&quot;:&quot;0&quot;}\" data-image-title=\"IMG_20160703_150337280-2\" data-image-description=\"\" data-image-caption=\"\" data-large-file=\"https:\/\/i0.wp.com\/www.altimara.eu\/blog\/wp-content\/uploads\/2016\/07\/IMG_20160703_150337280-2.jpg?fit=627%2C722&amp;ssl=1\" class=\"size-medium wp-image-1914 aligncenter\" src=\"https:\/\/i0.wp.com\/www.altimara.eu\/blog\/wp-content\/uploads\/2016\/07\/IMG_20160703_150337280-2-261x300.jpg?resize=261%2C300\" alt=\"IMG_20160703_150337280-2\" width=\"261\" height=\"300\" srcset=\"https:\/\/i0.wp.com\/www.altimara.eu\/blog\/wp-content\/uploads\/2016\/07\/IMG_20160703_150337280-2.jpg?resize=261%2C300&amp;ssl=1 261w, https:\/\/i0.wp.com\/www.altimara.eu\/blog\/wp-content\/uploads\/2016\/07\/IMG_20160703_150337280-2.jpg?resize=768%2C884&amp;ssl=1 768w, https:\/\/i0.wp.com\/www.altimara.eu\/blog\/wp-content\/uploads\/2016\/07\/IMG_20160703_150337280-2.jpg?w=869&amp;ssl=1 869w\" sizes=\"auto, (max-width: 261px) 100vw, 261px\" \/><\/p>\n","protected":false},"excerpt":{"rendered":"<p>Il existe tout un tas de techniques pour fabriquer des \u00ab\u00a0briquettes\u00a0\u00bb ou \u00ab\u00a0galets\u00a0\u00bb de charbon de bois \u00e0 partir de poudre de charbon. Il faut avoir un stock de charbon v\u00e9g\u00e9tal assez cons\u00e9quent pour produire, \u00e0 l&rsquo;\u00e9chelle artisanale, une quantit\u00e9 suffisante qui soit rentable. La mati\u00e8re premi\u00e8re, celle qu&rsquo;il faut carboniser, est importante en Afrique [&hellip;]<\/p>\n","protected":false},"author":3,"featured_media":0,"comment_status":"open","ping_status":"open","sticky":false,"template":"","format":"standard","meta":{"ngg_post_thumbnail":0,"jetpack_post_was_ever_published":false,"_jetpack_newsletter_access":"","_jetpack_dont_email_post_to_subs":false,"_jetpack_newsletter_tier_id":0,"_jetpack_memberships_contains_paywalled_content":false,"_jetpack_memberships_contains_paid_content":false,"footnotes":"","jetpack_publicize_message":"","jetpack_publicize_feature_enabled":true,"jetpack_social_post_already_shared":true,"jetpack_social_options":{"image_generator_settings":{"template":"highway","default_image_id":0,"font":"","enabled":false},"version":2}},"categories":[6,86,72],"tags":[87,91,12,88],"class_list":["post-1913","post","type-post","status-publish","format-standard","hentry","category-charbon-de-bois-carbon-art","category-charbon-vegetal","category-charbonnier-du-monde","tag-afrique","tag-charbon-vegetal","tag-charbonniere","tag-guinee"],"jetpack_publicize_connections":[],"jetpack_featured_media_url":"","jetpack_shortlink":"https:\/\/wp.me\/p4r91c-uR","jetpack_sharing_enabled":true,"jetpack-related-posts":[{"id":1904,"url":"https:\/\/www.altimara.eu\/blog\/2016\/06\/21\/charbon-vegetal\/","url_meta":{"origin":1913,"position":0},"title":"Charbon v\u00e9g\u00e9tal","author":"Martiou","date":"21 juin 2016","format":false,"excerpt":"Suite \u00e0 sa mission avec la Croix Rouge \u00e0 Macenta, en Guin\u00e9e Conakry, pour la terrible \u00e9pid\u00e9mie d'Ebola, mon fils Antonin a gard\u00e9 des contacts positifs avec des acteurs de terrain guin\u00e9ens. Regroup\u00e9s dans l'association (ou ONG) COOPEDA, ils d\u00e9veloppent des programmes d\u2019autonomie \u00e9nerg\u00e9tique, dans le solaire principalement. Le charbon\u2026","rel":"","context":"Dans &quot;Charbon de bois&quot;","block_context":{"text":"Charbon de bois","link":"https:\/\/www.altimara.eu\/blog\/category\/charbon-de-bois-carbon-art\/"},"img":{"alt_text":"12039617_473223816213736_6462458700753161519_n","src":"https:\/\/i0.wp.com\/www.altimara.eu\/blog\/wp-content\/uploads\/2016\/06\/12039617_473223816213736_6462458700753161519_n.png?resize=350%2C200","width":350,"height":200},"classes":[]},{"id":3542,"url":"https:\/\/www.altimara.eu\/blog\/2020\/12\/28\/charbon-dafrique\/","url_meta":{"origin":1913,"position":1},"title":"Charbon d&rsquo;Afrique","author":"Martiou","date":"28 d\u00e9cembre 2020","format":false,"excerpt":"Dans un article du journaliste Jacques Deveaux, \u00e0 France info, nous pouvons prendre connaissance des chiffres affolants de la consommation de charbon de bois en Afrique. Il est dit que, au Congo, la consommation r\u00e9elle du charbon de bois d\u00e9passe largement la production foresti\u00e8re nationale, ce qui veut dire que\u2026","rel":"","context":"Dans &quot;Charbonnier du Monde&quot;","block_context":{"text":"Charbonnier du Monde","link":"https:\/\/www.altimara.eu\/blog\/category\/charbonnier-du-monde\/"},"img":{"alt_text":"","src":"https:\/\/i0.wp.com\/www.altimara.eu\/blog\/wp-content\/uploads\/2020\/12\/20.jpg?resize=350%2C200&ssl=1","width":350,"height":200},"classes":[]},{"id":3312,"url":"https:\/\/www.altimara.eu\/blog\/2020\/04\/05\/broyer-du-noir\/","url_meta":{"origin":1913,"position":2},"title":"Broyer du noir","author":"Martiou","date":"5 avril 2020","format":false,"excerpt":"Dans cette p\u00e9riode de protection avec un masque, j'en ai bien besoin pour broyer...du charbon. En effet pour fabriquer les galettes d'\u00e9cochar, nous devons apr\u00e8s la carbonisation au four, r\u00e9duire au maximum en poudre les v\u00e9g\u00e9taux carbonis\u00e9s. Difficile de trouver l'outil id\u00e9al, aussi nous avons eu l'id\u00e9e d'utiliser un \u00e9grappeur\u2026","rel":"","context":"Dans &quot;Charbon v\u00e9g\u00e9tal&quot;","block_context":{"text":"Charbon v\u00e9g\u00e9tal","link":"https:\/\/www.altimara.eu\/blog\/category\/charbon-vegetal\/"},"img":{"alt_text":"charbon v\u00e9g\u00e9tal","src":"https:\/\/i0.wp.com\/www.altimara.eu\/blog\/wp-content\/uploads\/2020\/04\/1.png?resize=350%2C200&ssl=1","width":350,"height":200},"classes":[]},{"id":2906,"url":"https:\/\/www.altimara.eu\/blog\/2018\/12\/21\/charbon-et-cosmetique\/","url_meta":{"origin":1913,"position":3},"title":"Charbon et cosm\u00e9tiques","author":"Martiou","date":"21 d\u00e9cembre 2018","format":false,"excerpt":"Une certaine mode envahit le monde parfum\u00e9 des cosm\u00e9tiques. Du charbon dans tous les produits, g\u00e9lules, cr\u00e8mes et autres onguents. J'ai achet\u00e9 un dentifrice qui sent bon la menthe et qui est noir. Il est \u00e9crit sur la boite que ce produit noir me rendra les dents plus blanches. Le\u2026","rel":"","context":"Dans &quot;Charbon v\u00e9g\u00e9tal&quot;","block_context":{"text":"Charbon v\u00e9g\u00e9tal","link":"https:\/\/www.altimara.eu\/blog\/category\/charbon-vegetal\/"},"img":{"alt_text":"","src":"https:\/\/i0.wp.com\/www.altimara.eu\/blog\/wp-content\/uploads\/2018\/12\/IMG_20181116_154746693.jpg?resize=350%2C200&ssl=1","width":350,"height":200,"srcset":"https:\/\/i0.wp.com\/www.altimara.eu\/blog\/wp-content\/uploads\/2018\/12\/IMG_20181116_154746693.jpg?resize=350%2C200&ssl=1 1x, https:\/\/i0.wp.com\/www.altimara.eu\/blog\/wp-content\/uploads\/2018\/12\/IMG_20181116_154746693.jpg?resize=525%2C300&ssl=1 1.5x, https:\/\/i0.wp.com\/www.altimara.eu\/blog\/wp-content\/uploads\/2018\/12\/IMG_20181116_154746693.jpg?resize=700%2C400&ssl=1 2x, https:\/\/i0.wp.com\/www.altimara.eu\/blog\/wp-content\/uploads\/2018\/12\/IMG_20181116_154746693.jpg?resize=1050%2C600&ssl=1 3x"},"classes":[]},{"id":2486,"url":"https:\/\/www.altimara.eu\/blog\/2017\/10\/23\/baguette-noire\/","url_meta":{"origin":1913,"position":4},"title":"Baguette noire","author":"Martiou","date":"23 octobre 2017","format":false,"excerpt":"Charbon tu me rends fou!!! Encore une espace que le charbon v\u00e9g\u00e9tal (charbon actif ici) investit, la boulangerie. Un reportage que FR3 Normandie a diffus\u00e9. Une boulangerie \u00e0 Vernon dans l'Eure produit des baguettes noires car m\u00e9lang\u00e9es avec du charbon v\u00e9g\u00e9tal actif. Vendues comme detox, je me demande si l\u2019absorption\u2026","rel":"","context":"Dans &quot;Charbon v\u00e9g\u00e9tal&quot;","block_context":{"text":"Charbon v\u00e9g\u00e9tal","link":"https:\/\/www.altimara.eu\/blog\/category\/charbon-vegetal\/"},"img":{"alt_text":"","src":"https:\/\/i0.wp.com\/www.altimara.eu\/blog\/wp-content\/uploads\/2017\/10\/effrayant-tete-de-citrouille-d-39-halloween_318-30163-150x150.jpg?resize=350%2C200","width":350,"height":200},"classes":[]},{"id":3445,"url":"https:\/\/www.altimara.eu\/blog\/2020\/09\/08\/biochar-2\/","url_meta":{"origin":1913,"position":5},"title":"Biochar","author":"Martiou","date":"8 septembre 2020","format":false,"excerpt":"Kevin, le maraicher BIO du Jardin de Fontan\u00e8s, est tr\u00e8s int\u00e9ress\u00e9 par l'ajout de biochar pour ses cultures. C'est dans ce jardin que nous avons install\u00e9 nos fours gazog\u00e8nes. Jusqu'\u00e0 maintenant nous transformions notre charbon v\u00e9g\u00e9tal en \u00e9cochar, les galettes pour la cuisson. La production de biochar s'inscrit dans la\u2026","rel":"","context":"Dans &quot;biochar&quot;","block_context":{"text":"biochar","link":"https:\/\/www.altimara.eu\/blog\/category\/charbon-vegetal\/biochar\/"},"img":{"alt_text":"biochar","src":"https:\/\/i0.wp.com\/www.altimara.eu\/blog\/wp-content\/uploads\/2020\/09\/IMG_20200908_111647-2.jpg?resize=350%2C200&ssl=1","width":350,"height":200,"srcset":"https:\/\/i0.wp.com\/www.altimara.eu\/blog\/wp-content\/uploads\/2020\/09\/IMG_20200908_111647-2.jpg?resize=350%2C200&ssl=1 1x, https:\/\/i0.wp.com\/www.altimara.eu\/blog\/wp-content\/uploads\/2020\/09\/IMG_20200908_111647-2.jpg?resize=525%2C300&ssl=1 1.5x, https:\/\/i0.wp.com\/www.altimara.eu\/blog\/wp-content\/uploads\/2020\/09\/IMG_20200908_111647-2.jpg?resize=700%2C400&ssl=1 2x, https:\/\/i0.wp.com\/www.altimara.eu\/blog\/wp-content\/uploads\/2020\/09\/IMG_20200908_111647-2.jpg?resize=1050%2C600&ssl=1 3x, https:\/\/i0.wp.com\/www.altimara.eu\/blog\/wp-content\/uploads\/2020\/09\/IMG_20200908_111647-2.jpg?resize=1400%2C800&ssl=1 4x"},"classes":[]}],"_links":{"self":[{"href":"https:\/\/www.altimara.eu\/blog\/wp-json\/wp\/v2\/posts\/1913","targetHints":{"allow":["GET"]}}],"collection":[{"href":"https:\/\/www.altimara.eu\/blog\/wp-json\/wp\/v2\/posts"}],"about":[{"href":"https:\/\/www.altimara.eu\/blog\/wp-json\/wp\/v2\/types\/post"}],"author":[{"embeddable":true,"href":"https:\/\/www.altimara.eu\/blog\/wp-json\/wp\/v2\/users\/3"}],"replies":[{"embeddable":true,"href":"https:\/\/www.altimara.eu\/blog\/wp-json\/wp\/v2\/comments?post=1913"}],"version-history":[{"count":0,"href":"https:\/\/www.altimara.eu\/blog\/wp-json\/wp\/v2\/posts\/1913\/revisions"}],"wp:attachment":[{"href":"https:\/\/www.altimara.eu\/blog\/wp-json\/wp\/v2\/media?parent=1913"}],"wp:term":[{"taxonomy":"category","embeddable":true,"href":"https:\/\/www.altimara.eu\/blog\/wp-json\/wp\/v2\/categories?post=1913"},{"taxonomy":"post_tag","embeddable":true,"href":"https:\/\/www.altimara.eu\/blog\/wp-json\/wp\/v2\/tags?post=1913"}],"curies":[{"name":"wp","href":"https:\/\/api.w.org\/{rel}","templated":true}]}}