{"id":1895,"date":"2016-06-13T17:13:28","date_gmt":"2016-06-13T16:13:28","guid":{"rendered":"https:\/\/www.altimara.eu\/blog\/?p=1895"},"modified":"2016-06-14T12:27:11","modified_gmt":"2016-06-14T11:27:11","slug":"meteorite-charbonneuse-dorgueil","status":"publish","type":"post","link":"https:\/\/www.altimara.eu\/blog\/2016\/06\/13\/meteorite-charbonneuse-dorgueil\/","title":{"rendered":"M\u00e9t\u00e9orite charbonneuse d&rsquo;Orgueil"},"content":{"rendered":"<p>En visitant l&rsquo;exposition des \u00ab\u00a0Savanturiers\u00a0\u00bb actuellement pr\u00e9sent\u00e9e au mus\u00e9e d&rsquo;histoires naturelles de Toulouse, j&rsquo;ai vu un objet insolite en relation avec le charbon. En fait c&rsquo;est un simple bocal dans lequel il y a une sorte de poussi\u00e8re noire. L&rsquo;\u00e9tiquette indique: \u00ab\u00a0m\u00e9t\u00e9orite charbonneuse Orgueil\u00a0\u00bb.<\/p>\n<p>Le 14 mai 1864, une m\u00e9t\u00e9orite de 14 kg s&rsquo;est \u00e9cras\u00e9e \u00e0 proximit\u00e9 d &lsquo;Orgueil dans le Tarn et Garonne. Elle est la plus grosse des 7 exemplaires connus et pr\u00e9sente des composants du plus haut int\u00e9r\u00eat. En effet elle a des traces d&rsquo;acides anim\u00e9s extraterrestres. La th\u00e9orie de la <a href=\"https:\/\/fr.wikipedia.org\/wiki\/Panspermie\" target=\"_blank\">Panspermie<\/a>, c&rsquo;est \u00e0 dire que la vie serai arriv\u00e9e de l&rsquo;espace, est ainsi confort\u00e9e. Cette m\u00e9t\u00e9orite est toujours \u00e9tudi\u00e9e par les plus grands laboratoire, comme ceux de la NASA.<\/p>\n<p>Le charbon de l&rsquo;espace, quelle imagination, faire une charbonni\u00e8re sur la Lune. La r\u00e9duction d&rsquo;oxyg\u00e8ne est compl\u00e8te, mais faudra accrocher avec des sangles le bois \u00e0 carboniser \u00e0 l&rsquo;arri\u00e8re du LEM pour l\u2019amener jusqu&rsquo;au sol lunaire&#8230;.<\/p>\n<p><img data-recalc-dims=\"1\" loading=\"lazy\" decoding=\"async\" data-attachment-id=\"1899\" data-permalink=\"https:\/\/www.altimara.eu\/blog\/2016\/06\/13\/meteorite-charbonneuse-dorgueil\/meteorite-charb\/\" data-orig-file=\"https:\/\/i0.wp.com\/www.altimara.eu\/blog\/wp-content\/uploads\/2016\/06\/me%CC%81te%CC%81orite-charb.jpg?fit=404%2C705&amp;ssl=1\" data-orig-size=\"404,705\" data-comments-opened=\"1\" data-image-meta=\"{&quot;aperture&quot;:&quot;0&quot;,&quot;credit&quot;:&quot;&quot;,&quot;camera&quot;:&quot;&quot;,&quot;caption&quot;:&quot;&quot;,&quot;created_timestamp&quot;:&quot;0&quot;,&quot;copyright&quot;:&quot;&quot;,&quot;focal_length&quot;:&quot;0&quot;,&quot;iso&quot;:&quot;0&quot;,&quot;shutter_speed&quot;:&quot;0&quot;,&quot;title&quot;:&quot;&quot;,&quot;orientation&quot;:&quot;1&quot;}\" data-image-title=\"me\u0301te\u0301orite charb\" data-image-description=\"\" data-image-caption=\"\" data-large-file=\"https:\/\/i0.wp.com\/www.altimara.eu\/blog\/wp-content\/uploads\/2016\/06\/me%CC%81te%CC%81orite-charb.jpg?fit=404%2C705&amp;ssl=1\" class=\"aligncenter size-full wp-image-1899\" src=\"https:\/\/i0.wp.com\/www.altimara.eu\/blog\/wp-content\/uploads\/2016\/06\/me%CC%81te%CC%81orite-charb.jpg?resize=404%2C705\" alt=\"me\u0301te\u0301orite charb\" width=\"404\" height=\"705\" srcset=\"https:\/\/i0.wp.com\/www.altimara.eu\/blog\/wp-content\/uploads\/2016\/06\/me%CC%81te%CC%81orite-charb.jpg?w=404&amp;ssl=1 404w, https:\/\/i0.wp.com\/www.altimara.eu\/blog\/wp-content\/uploads\/2016\/06\/me%CC%81te%CC%81orite-charb.jpg?resize=172%2C300&amp;ssl=1 172w\" sizes=\"auto, (max-width: 404px) 100vw, 404px\" \/><\/p>\n<p><img data-recalc-dims=\"1\" loading=\"lazy\" decoding=\"async\" data-attachment-id=\"1901\" data-permalink=\"https:\/\/www.altimara.eu\/blog\/2016\/06\/13\/meteorite-charbonneuse-dorgueil\/lune-charb\/\" data-orig-file=\"https:\/\/i0.wp.com\/www.altimara.eu\/blog\/wp-content\/uploads\/2016\/06\/lune-charb.jpg?fit=896%2C770&amp;ssl=1\" data-orig-size=\"896,770\" data-comments-opened=\"1\" data-image-meta=\"{&quot;aperture&quot;:&quot;0&quot;,&quot;credit&quot;:&quot;&quot;,&quot;camera&quot;:&quot;&quot;,&quot;caption&quot;:&quot;&quot;,&quot;created_timestamp&quot;:&quot;0&quot;,&quot;copyright&quot;:&quot;&quot;,&quot;focal_length&quot;:&quot;0&quot;,&quot;iso&quot;:&quot;0&quot;,&quot;shutter_speed&quot;:&quot;0&quot;,&quot;title&quot;:&quot;&quot;,&quot;orientation&quot;:&quot;1&quot;}\" data-image-title=\"lune  charb\" data-image-description=\"\" data-image-caption=\"\" data-large-file=\"https:\/\/i0.wp.com\/www.altimara.eu\/blog\/wp-content\/uploads\/2016\/06\/lune-charb.jpg?fit=627%2C539&amp;ssl=1\" class=\"aligncenter size-full wp-image-1901\" src=\"https:\/\/i0.wp.com\/www.altimara.eu\/blog\/wp-content\/uploads\/2016\/06\/lune-charb.jpg?resize=627%2C539\" alt=\"lune charb\" width=\"627\" height=\"539\" srcset=\"https:\/\/i0.wp.com\/www.altimara.eu\/blog\/wp-content\/uploads\/2016\/06\/lune-charb.jpg?w=896&amp;ssl=1 896w, https:\/\/i0.wp.com\/www.altimara.eu\/blog\/wp-content\/uploads\/2016\/06\/lune-charb.jpg?resize=300%2C258&amp;ssl=1 300w, https:\/\/i0.wp.com\/www.altimara.eu\/blog\/wp-content\/uploads\/2016\/06\/lune-charb.jpg?resize=768%2C660&amp;ssl=1 768w\" sizes=\"auto, (max-width: 627px) 100vw, 627px\" \/><\/p>\n<p>Plus de d\u00e9tails: <a href=\"https:\/\/fr.wikipedia.org\/wiki\/M%C3%A9t%C3%A9orite_d%27Orgueil\" target=\"_blank\">wikipedia Orgueil<\/a><\/p>\n","protected":false},"excerpt":{"rendered":"<p>En visitant l&rsquo;exposition des \u00ab\u00a0Savanturiers\u00a0\u00bb actuellement pr\u00e9sent\u00e9e au mus\u00e9e d&rsquo;histoires naturelles de Toulouse, j&rsquo;ai vu un objet insolite en relation avec le charbon. En fait c&rsquo;est un simple bocal dans lequel il y a une sorte de poussi\u00e8re noire. L&rsquo;\u00e9tiquette indique: \u00ab\u00a0m\u00e9t\u00e9orite charbonneuse Orgueil\u00a0\u00bb. Le 14 mai 1864, une m\u00e9t\u00e9orite de 14 kg s&rsquo;est \u00e9cras\u00e9e [&hellip;]<\/p>\n","protected":false},"author":3,"featured_media":0,"comment_status":"open","ping_status":"open","sticky":false,"template":"","format":"standard","meta":{"ngg_post_thumbnail":0,"jetpack_post_was_ever_published":false,"_jetpack_newsletter_access":"","_jetpack_dont_email_post_to_subs":false,"_jetpack_newsletter_tier_id":0,"_jetpack_memberships_contains_paywalled_content":false,"_jetpack_memberships_contains_paid_content":false,"footnotes":"","jetpack_publicize_message":"","jetpack_publicize_feature_enabled":true,"jetpack_social_post_already_shared":true,"jetpack_social_options":{"image_generator_settings":{"template":"highway","default_image_id":0,"font":"","enabled":false},"version":2}},"categories":[5,1],"tags":[85],"class_list":["post-1895","post","type-post","status-publish","format-standard","hentry","category-autre","category-non-classe","tag-meteorite"],"jetpack_publicize_connections":[],"jetpack_featured_media_url":"","jetpack_shortlink":"https:\/\/wp.me\/p4r91c-uz","jetpack_sharing_enabled":true,"jetpack-related-posts":[{"id":4247,"url":"https:\/\/www.altimara.eu\/blog\/2024\/01\/05\/zou-pour-24\/","url_meta":{"origin":1895,"position":0},"title":"Zou pour 24","author":"Martiou","date":"5 janvier 2024","format":false,"excerpt":"Nous voil\u00e0 vers\u00e9s dans une nouvelle ann\u00e9e qui ne se pr\u00e9sente par trop bien et dans laquelle va falloir charbonner. Certains ont envoy\u00e9 leurs v\u0153ux avec des missiles, la suffisance des moins que rien. De ces inutiles m\u00e9chants \u00e0 qui j'envoie mes v\u0153ux pour qui s'\u00e9touffent dans leur haine de\u2026","rel":"","context":"Dans &quot;Charbon v\u00e9g\u00e9tal&quot;","block_context":{"text":"Charbon v\u00e9g\u00e9tal","link":"https:\/\/www.altimara.eu\/blog\/category\/charbon-vegetal\/"},"img":{"alt_text":"","src":"https:\/\/i0.wp.com\/www.altimara.eu\/blog\/wp-content\/uploads\/2024\/01\/charb-egypte.jpeg?resize=350%2C200&ssl=1","width":350,"height":200,"srcset":"https:\/\/i0.wp.com\/www.altimara.eu\/blog\/wp-content\/uploads\/2024\/01\/charb-egypte.jpeg?resize=350%2C200&ssl=1 1x, https:\/\/i0.wp.com\/www.altimara.eu\/blog\/wp-content\/uploads\/2024\/01\/charb-egypte.jpeg?resize=525%2C300&ssl=1 1.5x, https:\/\/i0.wp.com\/www.altimara.eu\/blog\/wp-content\/uploads\/2024\/01\/charb-egypte.jpeg?resize=700%2C400&ssl=1 2x"},"classes":[]},{"id":2214,"url":"https:\/\/www.altimara.eu\/blog\/2017\/02\/14\/les-conflits-du-charbon-de-bois\/","url_meta":{"origin":1895,"position":1},"title":"Tensions sous charbon de bois","author":"Martiou","date":"14 f\u00e9vrier 2017","format":false,"excerpt":"Les guerres li\u00e9es au p\u00e9trole et en r\u00e8gle g\u00e9n\u00e9rale \u00e0 l'\u00e9nergie et \u00e0 son acc\u00e8s (ou son profit) sont omnipr\u00e9sentes. Le charbon de bois, l'une des plus anciennes \u00e9nergies que l'humanit\u00e9 exploite, a g\u00e9n\u00e8r\u00e9 aussi des tensions. Dans les pays o\u00f9 l'utilisation du charbon de bois est tr\u00e8s pr\u00e9sente, rappel\u2026","rel":"","context":"Dans &quot;Charbon de bois&quot;","block_context":{"text":"Charbon de bois","link":"https:\/\/www.altimara.eu\/blog\/category\/charbon-de-bois-carbon-art\/"},"img":{"alt_text":"","src":"https:\/\/i0.wp.com\/www.altimara.eu\/blog\/wp-content\/uploads\/2017\/02\/535382168.jpg?resize=350%2C200","width":350,"height":200,"srcset":"https:\/\/i0.wp.com\/www.altimara.eu\/blog\/wp-content\/uploads\/2017\/02\/535382168.jpg?resize=350%2C200 1x, https:\/\/i0.wp.com\/www.altimara.eu\/blog\/wp-content\/uploads\/2017\/02\/535382168.jpg?resize=525%2C300 1.5x, https:\/\/i0.wp.com\/www.altimara.eu\/blog\/wp-content\/uploads\/2017\/02\/535382168.jpg?resize=700%2C400 2x, https:\/\/i0.wp.com\/www.altimara.eu\/blog\/wp-content\/uploads\/2017\/02\/535382168.jpg?resize=1050%2C600 3x, https:\/\/i0.wp.com\/www.altimara.eu\/blog\/wp-content\/uploads\/2017\/02\/535382168.jpg?resize=1400%2C800 4x"},"classes":[]},{"id":2906,"url":"https:\/\/www.altimara.eu\/blog\/2018\/12\/21\/charbon-et-cosmetique\/","url_meta":{"origin":1895,"position":2},"title":"Charbon et cosm\u00e9tiques","author":"Martiou","date":"21 d\u00e9cembre 2018","format":false,"excerpt":"Une certaine mode envahit le monde parfum\u00e9 des cosm\u00e9tiques. Du charbon dans tous les produits, g\u00e9lules, cr\u00e8mes et autres onguents. J'ai achet\u00e9 un dentifrice qui sent bon la menthe et qui est noir. Il est \u00e9crit sur la boite que ce produit noir me rendra les dents plus blanches. Le\u2026","rel":"","context":"Dans &quot;Charbon v\u00e9g\u00e9tal&quot;","block_context":{"text":"Charbon v\u00e9g\u00e9tal","link":"https:\/\/www.altimara.eu\/blog\/category\/charbon-vegetal\/"},"img":{"alt_text":"","src":"https:\/\/i0.wp.com\/www.altimara.eu\/blog\/wp-content\/uploads\/2018\/12\/IMG_20181116_154746693.jpg?resize=350%2C200&ssl=1","width":350,"height":200,"srcset":"https:\/\/i0.wp.com\/www.altimara.eu\/blog\/wp-content\/uploads\/2018\/12\/IMG_20181116_154746693.jpg?resize=350%2C200&ssl=1 1x, https:\/\/i0.wp.com\/www.altimara.eu\/blog\/wp-content\/uploads\/2018\/12\/IMG_20181116_154746693.jpg?resize=525%2C300&ssl=1 1.5x, https:\/\/i0.wp.com\/www.altimara.eu\/blog\/wp-content\/uploads\/2018\/12\/IMG_20181116_154746693.jpg?resize=700%2C400&ssl=1 2x, https:\/\/i0.wp.com\/www.altimara.eu\/blog\/wp-content\/uploads\/2018\/12\/IMG_20181116_154746693.jpg?resize=1050%2C600&ssl=1 3x"},"classes":[]},{"id":2486,"url":"https:\/\/www.altimara.eu\/blog\/2017\/10\/23\/baguette-noire\/","url_meta":{"origin":1895,"position":3},"title":"Baguette noire","author":"Martiou","date":"23 octobre 2017","format":false,"excerpt":"Charbon tu me rends fou!!! Encore une espace que le charbon v\u00e9g\u00e9tal (charbon actif ici) investit, la boulangerie. Un reportage que FR3 Normandie a diffus\u00e9. Une boulangerie \u00e0 Vernon dans l'Eure produit des baguettes noires car m\u00e9lang\u00e9es avec du charbon v\u00e9g\u00e9tal actif. Vendues comme detox, je me demande si l\u2019absorption\u2026","rel":"","context":"Dans &quot;Charbon v\u00e9g\u00e9tal&quot;","block_context":{"text":"Charbon v\u00e9g\u00e9tal","link":"https:\/\/www.altimara.eu\/blog\/category\/charbon-vegetal\/"},"img":{"alt_text":"","src":"https:\/\/i0.wp.com\/www.altimara.eu\/blog\/wp-content\/uploads\/2017\/10\/effrayant-tete-de-citrouille-d-39-halloween_318-30163-150x150.jpg?resize=350%2C200","width":350,"height":200},"classes":[]},{"id":1923,"url":"https:\/\/www.altimara.eu\/blog\/2016\/07\/14\/charbon-boreal\/","url_meta":{"origin":1895,"position":4},"title":"Charbon bor\u00e9al","author":"Martiou","date":"14 juillet 2016","format":false,"excerpt":"Nouvelle saison en Islande. Deux projets, l'un \"comment utiliser les immenses champs de lupins d'Alaska\" pour fabriquer des briquettes de charbon v\u00e9g\u00e9tal. Une id\u00e9e un peu folle que ce beau pays est capable d'accueillir. Et l'autre est la suite de la recherche des bois de mer, qui m'ont servi il\u2026","rel":"","context":"Dans &quot;3 Charbon de bois Islande&quot;","block_context":{"text":"3 Charbon de bois Islande","link":"https:\/\/www.altimara.eu\/blog\/category\/charbon-de-bois-islande\/"},"img":{"alt_text":"IMG_20160615_184028682_HDR","src":"https:\/\/i0.wp.com\/www.altimara.eu\/blog\/wp-content\/uploads\/2016\/07\/IMG_20160615_184028682_HDR.jpg?resize=350%2C200","width":350,"height":200,"srcset":"https:\/\/i0.wp.com\/www.altimara.eu\/blog\/wp-content\/uploads\/2016\/07\/IMG_20160615_184028682_HDR.jpg?resize=350%2C200 1x, https:\/\/i0.wp.com\/www.altimara.eu\/blog\/wp-content\/uploads\/2016\/07\/IMG_20160615_184028682_HDR.jpg?resize=525%2C300 1.5x, https:\/\/i0.wp.com\/www.altimara.eu\/blog\/wp-content\/uploads\/2016\/07\/IMG_20160615_184028682_HDR.jpg?resize=700%2C400 2x"},"classes":[]},{"id":2345,"url":"https:\/\/www.altimara.eu\/blog\/2017\/06\/14\/ecochar-3\/","url_meta":{"origin":1895,"position":5},"title":"\u00c9COCHAR","author":"Martiou","date":"14 juin 2017","format":false,"excerpt":"Le projet de fabrication de briquettes de charbon v\u00e9g\u00e9tal en Guin\u00e9e est sur les rails. Une \u00e9quipe se charge de la production \u00e0 Macenta (rappel, c'est l\u00e0 que l'\u00e9pid\u00e9mie \u00e9bola avait commenc\u00e9...) Un deuxi\u00e8me four est en construction. Dans cette premi\u00e8re phase, la recherche de qualit\u00e9 des briquettes est l'objectif.\u2026","rel":"","context":"Dans &quot;Charbon v\u00e9g\u00e9tal&quot;","block_context":{"text":"Charbon v\u00e9g\u00e9tal","link":"https:\/\/www.altimara.eu\/blog\/category\/charbon-vegetal\/"},"img":{"alt_text":"","src":"https:\/\/i0.wp.com\/www.altimara.eu\/blog\/wp-content\/uploads\/2017\/06\/received_1054974144634085-1024x768.jpeg?resize=350%2C200","width":350,"height":200,"srcset":"https:\/\/i0.wp.com\/www.altimara.eu\/blog\/wp-content\/uploads\/2017\/06\/received_1054974144634085-1024x768.jpeg?resize=350%2C200 1x, https:\/\/i0.wp.com\/www.altimara.eu\/blog\/wp-content\/uploads\/2017\/06\/received_1054974144634085-1024x768.jpeg?resize=525%2C300 1.5x"},"classes":[]}],"_links":{"self":[{"href":"https:\/\/www.altimara.eu\/blog\/wp-json\/wp\/v2\/posts\/1895","targetHints":{"allow":["GET"]}}],"collection":[{"href":"https:\/\/www.altimara.eu\/blog\/wp-json\/wp\/v2\/posts"}],"about":[{"href":"https:\/\/www.altimara.eu\/blog\/wp-json\/wp\/v2\/types\/post"}],"author":[{"embeddable":true,"href":"https:\/\/www.altimara.eu\/blog\/wp-json\/wp\/v2\/users\/3"}],"replies":[{"embeddable":true,"href":"https:\/\/www.altimara.eu\/blog\/wp-json\/wp\/v2\/comments?post=1895"}],"version-history":[{"count":0,"href":"https:\/\/www.altimara.eu\/blog\/wp-json\/wp\/v2\/posts\/1895\/revisions"}],"wp:attachment":[{"href":"https:\/\/www.altimara.eu\/blog\/wp-json\/wp\/v2\/media?parent=1895"}],"wp:term":[{"taxonomy":"category","embeddable":true,"href":"https:\/\/www.altimara.eu\/blog\/wp-json\/wp\/v2\/categories?post=1895"},{"taxonomy":"post_tag","embeddable":true,"href":"https:\/\/www.altimara.eu\/blog\/wp-json\/wp\/v2\/tags?post=1895"}],"curies":[{"name":"wp","href":"https:\/\/api.w.org\/{rel}","templated":true}]}}