{"id":1885,"date":"2016-06-02T20:46:53","date_gmt":"2016-06-02T19:46:53","guid":{"rendered":"https:\/\/www.altimara.eu\/blog\/?p=1885"},"modified":"2016-06-03T10:58:01","modified_gmt":"2016-06-03T09:58:01","slug":"video-charbonniere-st-guilhem","status":"publish","type":"post","link":"https:\/\/www.altimara.eu\/blog\/2016\/06\/02\/video-charbonniere-st-guilhem\/","title":{"rendered":"Vid\u00e9o charbonni\u00e8re St Guilhem"},"content":{"rendered":"<p>Un joli film tourn\u00e9 par un visiteur, M. Ren\u00e9 Ulmer avec sa femme, un sympathique couple Suisse. Cette vid\u00e9o retrace les rencontres organis\u00e9es par Les Terrasses Gellone, voir <a href=\"https:\/\/www.altimara.eu\/blog\/?p=1790.\" target=\"_blank\">article pr\u00e9c\u00e9dent du mois d&rsquo;avril.<\/a><\/p>\n<p>Attention la s\u00e9ance va commencer: <a href=\"https:\/\/youtu.be\/YKOjZsBcBkE\" target=\"_blank\">film charbonniere St Guilhem<\/a><\/p>\n<p><img data-recalc-dims=\"1\" loading=\"lazy\" decoding=\"async\" data-attachment-id=\"1890\" data-permalink=\"https:\/\/www.altimara.eu\/blog\/2016\/06\/02\/video-charbonniere-st-guilhem\/img_20160523_203636-3\/\" data-orig-file=\"https:\/\/i0.wp.com\/www.altimara.eu\/blog\/wp-content\/uploads\/2016\/06\/IMG_20160523_203636-2.jpg?fit=1417%2C2520&amp;ssl=1\" data-orig-size=\"1417,2520\" data-comments-opened=\"1\" data-image-meta=\"{&quot;aperture&quot;:&quot;2&quot;,&quot;credit&quot;:&quot;&quot;,&quot;camera&quot;:&quot;MotoG3&quot;,&quot;caption&quot;:&quot;&quot;,&quot;created_timestamp&quot;:&quot;1464015312&quot;,&quot;copyright&quot;:&quot;&quot;,&quot;focal_length&quot;:&quot;3.64&quot;,&quot;iso&quot;:&quot;160&quot;,&quot;shutter_speed&quot;:&quot;0.030009999896908&quot;,&quot;title&quot;:&quot;&quot;,&quot;orientation&quot;:&quot;1&quot;}\" data-image-title=\"IMG_20160523_203636\" data-image-description=\"\" data-image-caption=\"\" data-large-file=\"https:\/\/i0.wp.com\/www.altimara.eu\/blog\/wp-content\/uploads\/2016\/06\/IMG_20160523_203636-2.jpg?fit=576%2C1024&amp;ssl=1\" class=\"aligncenter wp-image-1890 size-large\" src=\"https:\/\/i0.wp.com\/www.altimara.eu\/blog\/wp-content\/uploads\/2016\/06\/IMG_20160523_203636-2-576x1024.jpg?resize=576%2C1024\" alt=\"IMG_20160523_203636\" width=\"576\" height=\"1024\" srcset=\"https:\/\/i0.wp.com\/www.altimara.eu\/blog\/wp-content\/uploads\/2016\/06\/IMG_20160523_203636-2.jpg?resize=576%2C1024&amp;ssl=1 576w, https:\/\/i0.wp.com\/www.altimara.eu\/blog\/wp-content\/uploads\/2016\/06\/IMG_20160523_203636-2.jpg?resize=169%2C300&amp;ssl=1 169w, https:\/\/i0.wp.com\/www.altimara.eu\/blog\/wp-content\/uploads\/2016\/06\/IMG_20160523_203636-2.jpg?resize=768%2C1366&amp;ssl=1 768w, https:\/\/i0.wp.com\/www.altimara.eu\/blog\/wp-content\/uploads\/2016\/06\/IMG_20160523_203636-2.jpg?w=1417&amp;ssl=1 1417w, https:\/\/i0.wp.com\/www.altimara.eu\/blog\/wp-content\/uploads\/2016\/06\/IMG_20160523_203636-2.jpg?w=1254&amp;ssl=1 1254w\" sizes=\"auto, (max-width: 576px) 100vw, 576px\" \/><\/p>\n<p style=\"text-align: center;\">Une ruelle du village<\/p>\n","protected":false},"excerpt":{"rendered":"<p>Un joli film tourn\u00e9 par un visiteur, M. Ren\u00e9 Ulmer avec sa femme, un sympathique couple Suisse. Cette vid\u00e9o retrace les rencontres organis\u00e9es par Les Terrasses Gellone, voir article pr\u00e9c\u00e9dent du mois d&rsquo;avril. Attention la s\u00e9ance va commencer: film charbonniere St Guilhem Une ruelle du village<\/p>\n","protected":false},"author":3,"featured_media":0,"comment_status":"open","ping_status":"open","sticky":false,"template":"","format":"standard","meta":{"ngg_post_thumbnail":0,"jetpack_post_was_ever_published":false,"_jetpack_newsletter_access":"","_jetpack_dont_email_post_to_subs":false,"_jetpack_newsletter_tier_id":0,"_jetpack_memberships_contains_paywalled_content":false,"_jetpack_memberships_contains_paid_content":false,"footnotes":"","jetpack_publicize_message":"","jetpack_publicize_feature_enabled":true,"jetpack_social_post_already_shared":true,"jetpack_social_options":{"image_generator_settings":{"template":"highway","default_image_id":0,"font":"","enabled":false},"version":2}},"categories":[6,1],"tags":[],"class_list":["post-1885","post","type-post","status-publish","format-standard","hentry","category-charbon-de-bois-carbon-art","category-non-classe"],"jetpack_publicize_connections":[],"jetpack_featured_media_url":"","jetpack_shortlink":"https:\/\/wp.me\/p4r91c-up","jetpack_sharing_enabled":true,"jetpack-related-posts":[{"id":1704,"url":"https:\/\/www.altimara.eu\/blog\/2016\/02\/28\/charbonnieres-des-garrigues\/","url_meta":{"origin":1885,"position":0},"title":"Charbonni\u00e8res des garrigues","author":"Martiou","date":"28 f\u00e9vrier 2016","format":false,"excerpt":"Mise en ligne d'un film retra\u00e7ant la cuisson d'une charbonni\u00e8re \u00e0 Puechabon, un village des garrigues. Ce film retrace la mise \u00e0 feu d'une meule \u00e0 carboniser par d'anciens charbonniers, Manuel et Vincent Andres, lors d'une manifestation du foyer rural du village. 1985, r\u00e9alisation Michel Raulet. Rendez vous \u00e0 retenir,\u2026","rel":"","context":"Dans &quot;Charbon de bois&quot;","block_context":{"text":"Charbon de bois","link":"https:\/\/www.altimara.eu\/blog\/category\/charbon-de-bois-carbon-art\/"},"img":{"alt_text":"","src":"http:\/\/www.dailymotion.com\/thumbnail\/video\/x2m3lbv_la-charbonniere_tv","width":350,"height":200},"classes":[]},{"id":1786,"url":"https:\/\/www.altimara.eu\/blog\/2016\/04\/12\/terrasses-gellones\/","url_meta":{"origin":1885,"position":1},"title":"Terrasses Gellone","author":"Martiou","date":"12 avril 2016","format":false,"excerpt":"Fin du s\u00e9jour \u00e0 Toronto, Canada. Retour en terre occitane, avec une belle occasion de cuisson d'une charbonni\u00e8re. A partir de mercredi je vais monter une charbonni\u00e8re proche du beau village de St Guilhem-le-D\u00e9sert. L'association Les Terrasses Gellones organise une r\u00e9trospective des savoir faire anciens pratiqu\u00e9s dans cette partie de\u2026","rel":"","context":"Dans &quot;0- MES CHARBONNI\u00c8RES&quot;","block_context":{"text":"0- MES CHARBONNI\u00c8RES","link":"https:\/\/www.altimara.eu\/blog\/category\/mes-charbonnieres\/"},"img":{"alt_text":"IMG_20160304_0001","src":"https:\/\/i0.wp.com\/www.altimara.eu\/blog\/wp-content\/uploads\/2016\/04\/IMG_20160304_0001-687x1024.jpg?resize=350%2C200","width":350,"height":200,"srcset":"https:\/\/i0.wp.com\/www.altimara.eu\/blog\/wp-content\/uploads\/2016\/04\/IMG_20160304_0001-687x1024.jpg?resize=350%2C200 1x, https:\/\/i0.wp.com\/www.altimara.eu\/blog\/wp-content\/uploads\/2016\/04\/IMG_20160304_0001-687x1024.jpg?resize=525%2C300 1.5x"},"classes":[]},{"id":1790,"url":"https:\/\/www.altimara.eu\/blog\/2016\/04\/18\/terrasses-gellone\/","url_meta":{"origin":1885,"position":2},"title":"Terrasses Gellone","author":"Martiou","date":"18 avril 2016","format":false,"excerpt":"Carbonisation en vall\u00e9e de l'H\u00e9rault, au lieu dit de Brunan, juste avant le village m\u00e9di\u00e9val de St-Guilhem-le-D\u00e9sert. L'emplacement de carbonisation \u00e9tait sur une des trois \"terrasses\", o\u00f9 se cultivait des oliviers et de la vigne. Seule l'olivette est rest\u00e9e. En contre bas, les puissants b\u00e2timents d\u00e9labr\u00e9s d'anciens moulins \u00e0 eau,\u2026","rel":"","context":"Dans &quot;Charbon de bois&quot;","block_context":{"text":"Charbon de bois","link":"https:\/\/www.altimara.eu\/blog\/category\/charbon-de-bois-carbon-art\/"},"img":{"alt_text":"_MAR9842","src":"https:\/\/i0.wp.com\/www.altimara.eu\/blog\/wp-content\/uploads\/2016\/04\/MAR9842.jpg?resize=350%2C200","width":350,"height":200,"srcset":"https:\/\/i0.wp.com\/www.altimara.eu\/blog\/wp-content\/uploads\/2016\/04\/MAR9842.jpg?resize=350%2C200 1x, https:\/\/i0.wp.com\/www.altimara.eu\/blog\/wp-content\/uploads\/2016\/04\/MAR9842.jpg?resize=525%2C300 1.5x, https:\/\/i0.wp.com\/www.altimara.eu\/blog\/wp-content\/uploads\/2016\/04\/MAR9842.jpg?resize=700%2C400 2x"},"classes":[]},{"id":1272,"url":"https:\/\/www.altimara.eu\/blog\/2015\/03\/17\/charbonnieres-ecosite-retrospective\/","url_meta":{"origin":1885,"position":3},"title":"Charbonni\u00e8res \u00e9cosite r\u00e9trospective","author":"Martiou","date":"17 mars 2015","format":false,"excerpt":"Tout a commenc\u00e9 en 2006, \u00a0sans cuisson dans l'\u00e9cosite des charbonni\u00e8res. Une maquette, le manifestation est en juin, les feux sont interdits. \u00a0 2007. Gros d\u00e9marrage avec le tournage d'un film documentaire. Une jolie meule qui occupait toute l'aire de charbonnage BB1*. En tout bien tout honneur elle sera baptis\u00e9e\u2026","rel":"","context":"Dans &quot;1 Festival charbonni\u00e8res LO GAROU&quot;","block_context":{"text":"1 Festival charbonni\u00e8res LO GAROU","link":"https:\/\/www.altimara.eu\/blog\/category\/1-festival-charbonnieres-lo-garou\/"},"img":{"alt_text":"OLYMPUS DIGITAL CAMERA","src":"https:\/\/i0.wp.com\/www.altimara.eu\/blog\/wp-content\/uploads\/2015\/03\/2006.jpg?resize=350%2C200","width":350,"height":200,"srcset":"https:\/\/i0.wp.com\/www.altimara.eu\/blog\/wp-content\/uploads\/2015\/03\/2006.jpg?resize=350%2C200 1x, https:\/\/i0.wp.com\/www.altimara.eu\/blog\/wp-content\/uploads\/2015\/03\/2006.jpg?resize=525%2C300 1.5x"},"classes":[]},{"id":4007,"url":"https:\/\/www.altimara.eu\/blog\/2023\/04\/19\/charbonniere-a-jean\/","url_meta":{"origin":1885,"position":4},"title":"Charbonni\u00e8re \u00e0 Jean","author":"Martiou","date":"19 avril 2023","format":false,"excerpt":"Mois de mai, mois des charbonni\u00e8res. Pendant que je conduirai la mienne \u00e0 cot\u00e9 du Pic-St-Loup, Jean et son \u00e9quipe auront la leur dans le petit coin de garrigue ard\u00e9choise comme chaque ann\u00e9e. Faites f\u00eate au charbon de bois et aux charbonni\u00e8r-es !","rel":"","context":"Dans &quot;Charbon de bois&quot;","block_context":{"text":"Charbon de bois","link":"https:\/\/www.altimara.eu\/blog\/category\/charbon-de-bois-carbon-art\/"},"img":{"alt_text":"","src":"https:\/\/i0.wp.com\/www.altimara.eu\/blog\/wp-content\/uploads\/2023\/04\/Affiche-Charbonniere-2023_V25.jpg?resize=350%2C200&ssl=1","width":350,"height":200,"srcset":"https:\/\/i0.wp.com\/www.altimara.eu\/blog\/wp-content\/uploads\/2023\/04\/Affiche-Charbonniere-2023_V25.jpg?resize=350%2C200&ssl=1 1x, https:\/\/i0.wp.com\/www.altimara.eu\/blog\/wp-content\/uploads\/2023\/04\/Affiche-Charbonniere-2023_V25.jpg?resize=525%2C300&ssl=1 1.5x, https:\/\/i0.wp.com\/www.altimara.eu\/blog\/wp-content\/uploads\/2023\/04\/Affiche-Charbonniere-2023_V25.jpg?resize=700%2C400&ssl=1 2x, https:\/\/i0.wp.com\/www.altimara.eu\/blog\/wp-content\/uploads\/2023\/04\/Affiche-Charbonniere-2023_V25.jpg?resize=1050%2C600&ssl=1 3x, https:\/\/i0.wp.com\/www.altimara.eu\/blog\/wp-content\/uploads\/2023\/04\/Affiche-Charbonniere-2023_V25.jpg?resize=1400%2C800&ssl=1 4x"},"classes":[]},{"id":654,"url":"https:\/\/www.altimara.eu\/blog\/2014\/02\/18\/festival-des-charbonnieres-4\/","url_meta":{"origin":1885,"position":5},"title":"Festival des charbonni\u00e8res","author":"Martiou","date":"18 f\u00e9vrier 2014","format":false,"excerpt":"Apr\u00e8s les sangliers qui d\u00e9foncent nos am\u00e9nagements, voil\u00e0 que les motos s'y mettent. Deux motards ont r\u00e9solument emprunt\u00e9 les sentiers de l'\u00e9cosite sans se poser de questions. R\u00e9sultats: la destruction d'un certain nombres de marches. De plus des visiteurs ont \u00e9t\u00e9 choqu\u00e9s par leur attitude un peu agressive. Le site\u2026","rel":"","context":"Dans &quot;1 Festival charbonni\u00e8res LO GAROU&quot;","block_context":{"text":"1 Festival charbonni\u00e8res LO GAROU","link":"https:\/\/www.altimara.eu\/blog\/category\/1-festival-charbonnieres-lo-garou\/"},"img":{"alt_text":"titre-noir","src":"https:\/\/i0.wp.com\/www.altimara.eu\/blog\/wp-content\/uploads\/2014\/02\/titre-noir2.jpg?resize=350%2C200","width":350,"height":200},"classes":[]}],"_links":{"self":[{"href":"https:\/\/www.altimara.eu\/blog\/wp-json\/wp\/v2\/posts\/1885","targetHints":{"allow":["GET"]}}],"collection":[{"href":"https:\/\/www.altimara.eu\/blog\/wp-json\/wp\/v2\/posts"}],"about":[{"href":"https:\/\/www.altimara.eu\/blog\/wp-json\/wp\/v2\/types\/post"}],"author":[{"embeddable":true,"href":"https:\/\/www.altimara.eu\/blog\/wp-json\/wp\/v2\/users\/3"}],"replies":[{"embeddable":true,"href":"https:\/\/www.altimara.eu\/blog\/wp-json\/wp\/v2\/comments?post=1885"}],"version-history":[{"count":0,"href":"https:\/\/www.altimara.eu\/blog\/wp-json\/wp\/v2\/posts\/1885\/revisions"}],"wp:attachment":[{"href":"https:\/\/www.altimara.eu\/blog\/wp-json\/wp\/v2\/media?parent=1885"}],"wp:term":[{"taxonomy":"category","embeddable":true,"href":"https:\/\/www.altimara.eu\/blog\/wp-json\/wp\/v2\/categories?post=1885"},{"taxonomy":"post_tag","embeddable":true,"href":"https:\/\/www.altimara.eu\/blog\/wp-json\/wp\/v2\/tags?post=1885"}],"curies":[{"name":"wp","href":"https:\/\/api.w.org\/{rel}","templated":true}]}}