{"id":1786,"date":"2016-04-12T02:08:04","date_gmt":"2016-04-12T01:08:04","guid":{"rendered":"https:\/\/www.altimara.eu\/blog\/?p=1786"},"modified":"2016-04-18T18:35:10","modified_gmt":"2016-04-18T17:35:10","slug":"terrasses-gellones","status":"publish","type":"post","link":"https:\/\/www.altimara.eu\/blog\/2016\/04\/12\/terrasses-gellones\/","title":{"rendered":"Terrasses Gellone"},"content":{"rendered":"<p>Fin du s\u00e9jour \u00e0 Toronto, Canada. Retour en terre occitane, avec une belle occasion de cuisson d&rsquo;une charbonni\u00e8re. A partir de mercredi je vais monter une charbonni\u00e8re proche du beau village de St Guilhem-le-D\u00e9sert. L&rsquo;association Les Terrasses Gellones organise une r\u00e9trospective des savoir faire anciens pratiqu\u00e9s dans cette partie de la vall\u00e9e du fleuve H\u00e9rault.<\/p>\n<p>Mercredi et jeudi, montage de la meule.<\/p>\n<p>Jeudi ou vendredi, mise en feu. Visites des scolaires avec aux manettes Ren\u00e9, le grand sp\u00e9cialiste du feu, et Bruno l&rsquo;homme aux fusains.<\/p>\n<p>Samedi cuisson et dimanche, carbonisation en cours, Ren\u00e9 sera toujours l\u00e0, Martine animera la vannerie sauvage et Nathalie fera sa teinture v\u00e9g\u00e9tale.<\/p>\n<p>La manifestation est principalement dans le village mais nous, nous serons un peu en aval, au lieu dit: Brunan, juste apr\u00e8s la grotte de Clamouse.<\/p>\n<p>Je suis particuli\u00e8rement heureux de r\u00e9aliser cette charbonni\u00e8re dans ce lieu qui est une r\u00e9f\u00e9rence dans les paysages du sud.<\/p>\n<p>Yaka.<\/p>\n<p><img data-recalc-dims=\"1\" loading=\"lazy\" decoding=\"async\" data-attachment-id=\"1787\" data-permalink=\"https:\/\/www.altimara.eu\/blog\/2016\/04\/12\/terrasses-gellones\/img_20160304_0001\/\" data-orig-file=\"https:\/\/i0.wp.com\/www.altimara.eu\/blog\/wp-content\/uploads\/2016\/04\/IMG_20160304_0001.jpg?fit=798%2C1190&amp;ssl=1\" data-orig-size=\"798,1190\" data-comments-opened=\"1\" data-image-meta=\"{&quot;aperture&quot;:&quot;0&quot;,&quot;credit&quot;:&quot;&quot;,&quot;camera&quot;:&quot;Canon MG6400 series&quot;,&quot;caption&quot;:&quot;&quot;,&quot;created_timestamp&quot;:&quot;0&quot;,&quot;copyright&quot;:&quot;&quot;,&quot;focal_length&quot;:&quot;0&quot;,&quot;iso&quot;:&quot;0&quot;,&quot;shutter_speed&quot;:&quot;0&quot;,&quot;title&quot;:&quot;&quot;,&quot;orientation&quot;:&quot;1&quot;}\" data-image-title=\"IMG_20160304_0001\" data-image-description=\"\" data-image-caption=\"\" data-large-file=\"https:\/\/i0.wp.com\/www.altimara.eu\/blog\/wp-content\/uploads\/2016\/04\/IMG_20160304_0001.jpg?fit=627%2C935&amp;ssl=1\" class=\"aligncenter size-large wp-image-1787\" src=\"https:\/\/i0.wp.com\/www.altimara.eu\/blog\/wp-content\/uploads\/2016\/04\/IMG_20160304_0001-687x1024.jpg?resize=627%2C935\" alt=\"IMG_20160304_0001\" width=\"627\" height=\"935\" srcset=\"https:\/\/i0.wp.com\/www.altimara.eu\/blog\/wp-content\/uploads\/2016\/04\/IMG_20160304_0001.jpg?resize=687%2C1024&amp;ssl=1 687w, https:\/\/i0.wp.com\/www.altimara.eu\/blog\/wp-content\/uploads\/2016\/04\/IMG_20160304_0001.jpg?resize=201%2C300&amp;ssl=1 201w, https:\/\/i0.wp.com\/www.altimara.eu\/blog\/wp-content\/uploads\/2016\/04\/IMG_20160304_0001.jpg?resize=768%2C1145&amp;ssl=1 768w, https:\/\/i0.wp.com\/www.altimara.eu\/blog\/wp-content\/uploads\/2016\/04\/IMG_20160304_0001.jpg?w=798&amp;ssl=1 798w\" sizes=\"auto, (max-width: 627px) 100vw, 627px\" \/><\/p>\n","protected":false},"excerpt":{"rendered":"<p>Fin du s\u00e9jour \u00e0 Toronto, Canada. Retour en terre occitane, avec une belle occasion de cuisson d&rsquo;une charbonni\u00e8re. A partir de mercredi je vais monter une charbonni\u00e8re proche du beau village de St Guilhem-le-D\u00e9sert. L&rsquo;association Les Terrasses Gellones organise une r\u00e9trospective des savoir faire anciens pratiqu\u00e9s dans cette partie de la vall\u00e9e du fleuve H\u00e9rault. [&hellip;]<\/p>\n","protected":false},"author":3,"featured_media":0,"comment_status":"open","ping_status":"open","sticky":false,"template":"","format":"standard","meta":{"ngg_post_thumbnail":0,"jetpack_post_was_ever_published":false,"_jetpack_newsletter_access":"","_jetpack_dont_email_post_to_subs":false,"_jetpack_newsletter_tier_id":0,"_jetpack_memberships_contains_paywalled_content":false,"_jetpack_memberships_contains_paid_content":false,"footnotes":"","jetpack_publicize_message":"","jetpack_publicize_feature_enabled":true,"jetpack_social_post_already_shared":true,"jetpack_social_options":{"image_generator_settings":{"template":"highway","default_image_id":0,"font":"","enabled":false},"version":2}},"categories":[65,6,37],"tags":[78],"class_list":["post-1786","post","type-post","status-publish","format-standard","hentry","category-mes-charbonnieres","category-charbon-de-bois-carbon-art","category-evenementiel","tag-st-guilhem-le-desert"],"jetpack_publicize_connections":[],"jetpack_featured_media_url":"","jetpack_shortlink":"https:\/\/wp.me\/p4r91c-sO","jetpack_sharing_enabled":true,"jetpack-related-posts":[{"id":1704,"url":"https:\/\/www.altimara.eu\/blog\/2016\/02\/28\/charbonnieres-des-garrigues\/","url_meta":{"origin":1786,"position":0},"title":"Charbonni\u00e8res des garrigues","author":"Martiou","date":"28 f\u00e9vrier 2016","format":false,"excerpt":"Mise en ligne d'un film retra\u00e7ant la cuisson d'une charbonni\u00e8re \u00e0 Puechabon, un village des garrigues. Ce film retrace la mise \u00e0 feu d'une meule \u00e0 carboniser par d'anciens charbonniers, Manuel et Vincent Andres, lors d'une manifestation du foyer rural du village. 1985, r\u00e9alisation Michel Raulet. Rendez vous \u00e0 retenir,\u2026","rel":"","context":"Dans &quot;Charbon de bois&quot;","block_context":{"text":"Charbon de bois","link":"https:\/\/www.altimara.eu\/blog\/category\/charbon-de-bois-carbon-art\/"},"img":{"alt_text":"","src":"http:\/\/www.dailymotion.com\/thumbnail\/video\/x2m3lbv_la-charbonniere_tv","width":350,"height":200},"classes":[]},{"id":1885,"url":"https:\/\/www.altimara.eu\/blog\/2016\/06\/02\/video-charbonniere-st-guilhem\/","url_meta":{"origin":1786,"position":1},"title":"Vid\u00e9o charbonni\u00e8re St Guilhem","author":"Martiou","date":"2 juin 2016","format":false,"excerpt":"Un joli film tourn\u00e9 par un visiteur, M. Ren\u00e9 Ulmer avec sa femme, un sympathique couple Suisse. Cette vid\u00e9o retrace les rencontres organis\u00e9es par Les Terrasses Gellone, voir article pr\u00e9c\u00e9dent du mois d'avril. Attention la s\u00e9ance va commencer: film charbonniere St Guilhem Une ruelle du village","rel":"","context":"Dans &quot;Charbon de bois&quot;","block_context":{"text":"Charbon de bois","link":"https:\/\/www.altimara.eu\/blog\/category\/charbon-de-bois-carbon-art\/"},"img":{"alt_text":"IMG_20160523_203636","src":"https:\/\/i0.wp.com\/www.altimara.eu\/blog\/wp-content\/uploads\/2016\/06\/IMG_20160523_203636-2-576x1024.jpg?resize=350%2C200","width":350,"height":200,"srcset":"https:\/\/i0.wp.com\/www.altimara.eu\/blog\/wp-content\/uploads\/2016\/06\/IMG_20160523_203636-2-576x1024.jpg?resize=350%2C200 1x, https:\/\/i0.wp.com\/www.altimara.eu\/blog\/wp-content\/uploads\/2016\/06\/IMG_20160523_203636-2-576x1024.jpg?resize=525%2C300 1.5x"},"classes":[]},{"id":1790,"url":"https:\/\/www.altimara.eu\/blog\/2016\/04\/18\/terrasses-gellone\/","url_meta":{"origin":1786,"position":2},"title":"Terrasses Gellone","author":"Martiou","date":"18 avril 2016","format":false,"excerpt":"Carbonisation en vall\u00e9e de l'H\u00e9rault, au lieu dit de Brunan, juste avant le village m\u00e9di\u00e9val de St-Guilhem-le-D\u00e9sert. L'emplacement de carbonisation \u00e9tait sur une des trois \"terrasses\", o\u00f9 se cultivait des oliviers et de la vigne. Seule l'olivette est rest\u00e9e. En contre bas, les puissants b\u00e2timents d\u00e9labr\u00e9s d'anciens moulins \u00e0 eau,\u2026","rel":"","context":"Dans &quot;Charbon de bois&quot;","block_context":{"text":"Charbon de bois","link":"https:\/\/www.altimara.eu\/blog\/category\/charbon-de-bois-carbon-art\/"},"img":{"alt_text":"_MAR9842","src":"https:\/\/i0.wp.com\/www.altimara.eu\/blog\/wp-content\/uploads\/2016\/04\/MAR9842.jpg?resize=350%2C200","width":350,"height":200,"srcset":"https:\/\/i0.wp.com\/www.altimara.eu\/blog\/wp-content\/uploads\/2016\/04\/MAR9842.jpg?resize=350%2C200 1x, https:\/\/i0.wp.com\/www.altimara.eu\/blog\/wp-content\/uploads\/2016\/04\/MAR9842.jpg?resize=525%2C300 1.5x, https:\/\/i0.wp.com\/www.altimara.eu\/blog\/wp-content\/uploads\/2016\/04\/MAR9842.jpg?resize=700%2C400 2x"},"classes":[]},{"id":4140,"url":"https:\/\/www.altimara.eu\/blog\/2023\/09\/25\/charbonniere-a-cambous-2\/","url_meta":{"origin":1786,"position":3},"title":"Charbonni\u00e8re \u00e0 Cambous","author":"Martiou","date":"25 septembre 2023","format":false,"excerpt":"Si le ciel nous tombe pas sur la t\u00eate (citation historique !!), j'aurai l'occasion de r\u00e9aliser une charbonni\u00e8re sur le site du village pr\u00e9historique de Cambous du 6 au 15 octobre. Cette cuisson s'inscrit dans le cadre des journ\u00e9es \"Arch\u00e9ologie et Patrimoine\" qui auront lieu les 13, 14 et 15\u2026","rel":"","context":"Dans &quot;0- MES CHARBONNI\u00c8RES&quot;","block_context":{"text":"0- MES CHARBONNI\u00c8RES","link":"https:\/\/www.altimara.eu\/blog\/category\/mes-charbonnieres\/"},"img":{"alt_text":"","src":"https:\/\/i0.wp.com\/www.altimara.eu\/blog\/wp-content\/uploads\/2023\/09\/IMG_20230430_163206-copie.jpg?resize=350%2C200&ssl=1","width":350,"height":200,"srcset":"https:\/\/i0.wp.com\/www.altimara.eu\/blog\/wp-content\/uploads\/2023\/09\/IMG_20230430_163206-copie.jpg?resize=350%2C200&ssl=1 1x, https:\/\/i0.wp.com\/www.altimara.eu\/blog\/wp-content\/uploads\/2023\/09\/IMG_20230430_163206-copie.jpg?resize=525%2C300&ssl=1 1.5x, https:\/\/i0.wp.com\/www.altimara.eu\/blog\/wp-content\/uploads\/2023\/09\/IMG_20230430_163206-copie.jpg?resize=700%2C400&ssl=1 2x"},"classes":[]},{"id":3002,"url":"https:\/\/www.altimara.eu\/blog\/2019\/04\/02\/charbonniere-caveirac\/","url_meta":{"origin":1786,"position":4},"title":"Charbonni\u00e8re Caveirac","author":"Martiou","date":"2 avril 2019","format":false,"excerpt":"Rendez vous les 27 et 28 avril \u00e0 Caveirac, pas loin de N\u00eemes, dans une garrigue magnifi\u00e9e, pour une nouvelle cuisson de charbonni\u00e8re. J'ai r\u00e9pondu avec plaisir \u00e0 l'invitation du pr\u00e9sident de l'association pierres s\u00e8ches et garrigue de ce village. Divers aspects des m\u00e9tiers et caract\u00e9ristiques des garrigues seront pr\u00e9sent\u00e9s\u2026","rel":"","context":"Dans &quot;0- MES CHARBONNI\u00c8RES&quot;","block_context":{"text":"0- MES CHARBONNI\u00c8RES","link":"https:\/\/www.altimara.eu\/blog\/category\/mes-charbonnieres\/"},"img":{"alt_text":"","src":"https:\/\/i0.wp.com\/www.altimara.eu\/blog\/wp-content\/uploads\/2019\/04\/Essai1_Charbonniere-2019-impression.jpg?resize=350%2C200&ssl=1","width":350,"height":200,"srcset":"https:\/\/i0.wp.com\/www.altimara.eu\/blog\/wp-content\/uploads\/2019\/04\/Essai1_Charbonniere-2019-impression.jpg?resize=350%2C200&ssl=1 1x, https:\/\/i0.wp.com\/www.altimara.eu\/blog\/wp-content\/uploads\/2019\/04\/Essai1_Charbonniere-2019-impression.jpg?resize=525%2C300&ssl=1 1.5x, https:\/\/i0.wp.com\/www.altimara.eu\/blog\/wp-content\/uploads\/2019\/04\/Essai1_Charbonniere-2019-impression.jpg?resize=700%2C400&ssl=1 2x, https:\/\/i0.wp.com\/www.altimara.eu\/blog\/wp-content\/uploads\/2019\/04\/Essai1_Charbonniere-2019-impression.jpg?resize=1050%2C600&ssl=1 3x, https:\/\/i0.wp.com\/www.altimara.eu\/blog\/wp-content\/uploads\/2019\/04\/Essai1_Charbonniere-2019-impression.jpg?resize=1400%2C800&ssl=1 4x"},"classes":[]},{"id":4532,"url":"https:\/\/www.altimara.eu\/blog\/2024\/10\/10\/charbonniere-archeologique\/","url_meta":{"origin":1786,"position":5},"title":"Charbonni\u00e8re arch\u00e9ologique","author":"Martiou","date":"10 octobre 2024","format":false,"excerpt":"10 jours au site du village n\u00e9olithique de Cambous \u00e0 Viols-En-Laval. Tout a commenc\u00e9 avec la remise en \u00e9tat de l'aire de charbonnage et Fr\u00e9d\u00e9ric l'employ\u00e9 communal du village, qu'il soit remerci\u00e9 mille fois, est all\u00e9 chercher de la terre. Merci aussi \u00e0 Laurent Salvi, neveu de mon maitre charbonnier\u2026","rel":"","context":"Dans &quot;0- MES CHARBONNI\u00c8RES&quot;","block_context":{"text":"0- MES CHARBONNI\u00c8RES","link":"https:\/\/www.altimara.eu\/blog\/category\/mes-charbonnieres\/"},"img":{"alt_text":"","src":"https:\/\/i0.wp.com\/www.altimara.eu\/blog\/wp-content\/uploads\/2024\/10\/MA5_5296.jpg?resize=350%2C200&ssl=1","width":350,"height":200,"srcset":"https:\/\/i0.wp.com\/www.altimara.eu\/blog\/wp-content\/uploads\/2024\/10\/MA5_5296.jpg?resize=350%2C200&ssl=1 1x, https:\/\/i0.wp.com\/www.altimara.eu\/blog\/wp-content\/uploads\/2024\/10\/MA5_5296.jpg?resize=525%2C300&ssl=1 1.5x, https:\/\/i0.wp.com\/www.altimara.eu\/blog\/wp-content\/uploads\/2024\/10\/MA5_5296.jpg?resize=700%2C400&ssl=1 2x, https:\/\/i0.wp.com\/www.altimara.eu\/blog\/wp-content\/uploads\/2024\/10\/MA5_5296.jpg?resize=1050%2C600&ssl=1 3x, https:\/\/i0.wp.com\/www.altimara.eu\/blog\/wp-content\/uploads\/2024\/10\/MA5_5296.jpg?resize=1400%2C800&ssl=1 4x"},"classes":[]}],"_links":{"self":[{"href":"https:\/\/www.altimara.eu\/blog\/wp-json\/wp\/v2\/posts\/1786","targetHints":{"allow":["GET"]}}],"collection":[{"href":"https:\/\/www.altimara.eu\/blog\/wp-json\/wp\/v2\/posts"}],"about":[{"href":"https:\/\/www.altimara.eu\/blog\/wp-json\/wp\/v2\/types\/post"}],"author":[{"embeddable":true,"href":"https:\/\/www.altimara.eu\/blog\/wp-json\/wp\/v2\/users\/3"}],"replies":[{"embeddable":true,"href":"https:\/\/www.altimara.eu\/blog\/wp-json\/wp\/v2\/comments?post=1786"}],"version-history":[{"count":0,"href":"https:\/\/www.altimara.eu\/blog\/wp-json\/wp\/v2\/posts\/1786\/revisions"}],"wp:attachment":[{"href":"https:\/\/www.altimara.eu\/blog\/wp-json\/wp\/v2\/media?parent=1786"}],"wp:term":[{"taxonomy":"category","embeddable":true,"href":"https:\/\/www.altimara.eu\/blog\/wp-json\/wp\/v2\/categories?post=1786"},{"taxonomy":"post_tag","embeddable":true,"href":"https:\/\/www.altimara.eu\/blog\/wp-json\/wp\/v2\/tags?post=1786"}],"curies":[{"name":"wp","href":"https:\/\/api.w.org\/{rel}","templated":true}]}}