{"id":1419,"date":"2015-07-28T16:43:39","date_gmt":"2015-07-28T15:43:39","guid":{"rendered":"https:\/\/www.altimara.eu\/blog\/?p=1419"},"modified":"2020-05-15T13:09:11","modified_gmt":"2020-05-15T12:09:11","slug":"bois-dislande-15","status":"publish","type":"post","link":"https:\/\/www.altimara.eu\/blog\/2015\/07\/28\/bois-dislande-15\/","title":{"rendered":"Bois d&rsquo;Islande"},"content":{"rendered":"<p>Balade en bord de mer et un alignement photog\u00e9nique de poteaux. Bois plant\u00e9, bois de mer, bois flott\u00e9, la mer est proche et les arbres lointains. Ici c&rsquo;est dans les Vestmanneyjar.<\/p>\n<p><a href=\"https:\/\/i0.wp.com\/www.altimara.eu\/blog\/wp-content\/uploads\/2015\/07\/MAR7639.jpg\"><img data-recalc-dims=\"1\" loading=\"lazy\" decoding=\"async\" data-attachment-id=\"1420\" data-permalink=\"https:\/\/www.altimara.eu\/blog\/2015\/07\/28\/bois-dislande-15\/_mar7639\/\" data-orig-file=\"https:\/\/i0.wp.com\/www.altimara.eu\/blog\/wp-content\/uploads\/2015\/07\/MAR7639.jpg?fit=1000%2C667&amp;ssl=1\" data-orig-size=\"1000,667\" data-comments-opened=\"1\" data-image-meta=\"{&quot;aperture&quot;:&quot;22&quot;,&quot;credit&quot;:&quot;ACQUARONE Martial&quot;,&quot;camera&quot;:&quot;NIKON D800&quot;,&quot;caption&quot;:&quot;&quot;,&quot;created_timestamp&quot;:&quot;1437933738&quot;,&quot;copyright&quot;:&quot;ACQUARONE Martial&quot;,&quot;focal_length&quot;:&quot;70&quot;,&quot;iso&quot;:&quot;640&quot;,&quot;shutter_speed&quot;:&quot;0.005&quot;,&quot;title&quot;:&quot;&quot;,&quot;orientation&quot;:&quot;0&quot;}\" data-image-title=\"_MAR7639\" data-image-description=\"\" data-image-caption=\"\" data-large-file=\"https:\/\/i0.wp.com\/www.altimara.eu\/blog\/wp-content\/uploads\/2015\/07\/MAR7639.jpg?fit=627%2C418&amp;ssl=1\" class=\"aligncenter size-full wp-image-1420\" src=\"https:\/\/i0.wp.com\/www.altimara.eu\/blog\/wp-content\/uploads\/2015\/07\/MAR7639.jpg?resize=627%2C418\" alt=\"_MAR7639\" width=\"627\" height=\"418\" srcset=\"https:\/\/i0.wp.com\/www.altimara.eu\/blog\/wp-content\/uploads\/2015\/07\/MAR7639.jpg?w=1000&amp;ssl=1 1000w, https:\/\/i0.wp.com\/www.altimara.eu\/blog\/wp-content\/uploads\/2015\/07\/MAR7639.jpg?resize=300%2C200&amp;ssl=1 300w\" sizes=\"auto, (max-width: 627px) 100vw, 627px\" \/><\/a><\/p>\n<p>&nbsp;<\/p>\n","protected":false},"excerpt":{"rendered":"<p>Balade en bord de mer et un alignement photog\u00e9nique de poteaux. Bois plant\u00e9, bois de mer, bois flott\u00e9, la mer est proche et les arbres lointains. Ici c&rsquo;est dans les Vestmanneyjar. &nbsp;<\/p>\n","protected":false},"author":3,"featured_media":0,"comment_status":"open","ping_status":"open","sticky":false,"template":"","format":"standard","meta":{"ngg_post_thumbnail":0,"jetpack_post_was_ever_published":false,"_jetpack_newsletter_access":"","_jetpack_dont_email_post_to_subs":false,"_jetpack_newsletter_tier_id":0,"_jetpack_memberships_contains_paywalled_content":false,"_jetpack_memberships_contains_paid_content":false,"footnotes":"","jetpack_publicize_message":"","jetpack_publicize_feature_enabled":true,"jetpack_social_post_already_shared":true,"jetpack_social_options":{"image_generator_settings":{"template":"highway","default_image_id":0,"font":"","enabled":false},"version":2}},"categories":[35],"tags":[],"class_list":["post-1419","post","type-post","status-publish","format-standard","hentry","category-bois-dislande-bois-flotte-bois-plante"],"jetpack_publicize_connections":[],"jetpack_featured_media_url":"","jetpack_shortlink":"https:\/\/wp.me\/p4r91c-mT","jetpack_sharing_enabled":true,"jetpack-related-posts":[{"id":3417,"url":"https:\/\/www.altimara.eu\/blog\/2020\/08\/18\/plante\/","url_meta":{"origin":1419,"position":0},"title":"Plant\u00e9","author":"Martiou","date":"18 ao\u00fbt 2020","format":false,"excerpt":"Je profite de mon court s\u00e9jour pour compl\u00e9ter ma collection de photos de bois plant\u00e9. Arriv\u00e9s par la mer, ils s'\u00e9chouent lors des temp\u00eates. Les islandais habitant les bords de mer, la plupart, plantent ces bois \u00e0 l'envers, les racines vers le ciel. J'ai fait de m\u00eame aujourd'hui ! Vient\u2026","rel":"","context":"Dans &quot;Bois d'Islande, bois flott\u00e9, bois plant\u00e9&quot;","block_context":{"text":"Bois d'Islande, bois flott\u00e9, bois plant\u00e9","link":"https:\/\/www.altimara.eu\/blog\/category\/charbon-de-bois-islande\/bois-dislande-bois-flotte-bois-plante\/"},"img":{"alt_text":"","src":"https:\/\/i0.wp.com\/www.altimara.eu\/blog\/wp-content\/uploads\/2020\/08\/mon-bois-plante%CC%81.png?resize=350%2C200&ssl=1","width":350,"height":200},"classes":[]},{"id":1940,"url":"https:\/\/www.altimara.eu\/blog\/2016\/07\/23\/bois-dislande-20\/","url_meta":{"origin":1419,"position":1},"title":"Bois d&rsquo;Islande","author":"Martiou","date":"23 juillet 2016","format":false,"excerpt":"C'est dans le sud, sur la plage du beau lagon glaciaire de J\u00f6kuls\u00e1rl\u00f3n, que j'ai vu un bois flott\u00e9 au milieu des petits \"icebergs\". Cette partie de l'Islande est l\u00e9ch\u00e9e par le Gulf Stream qui r\u00e9chauffe l'ensemble des cotes. Les bois flott\u00e9s sont plut\u00f4t d'origine du golfe du Mexique. A\u2026","rel":"","context":"Dans &quot;Bois d'Islande, bois flott\u00e9, bois plant\u00e9&quot;","block_context":{"text":"Bois d'Islande, bois flott\u00e9, bois plant\u00e9","link":"https:\/\/www.altimara.eu\/blog\/category\/charbon-de-bois-islande\/bois-dislande-bois-flotte-bois-plante\/"},"img":{"alt_text":"IMG_20160712_171439523_HDR","src":"https:\/\/i0.wp.com\/www.altimara.eu\/blog\/wp-content\/uploads\/2016\/07\/IMG_20160712_171439523_HDR-1.jpg?resize=350%2C200","width":350,"height":200,"srcset":"https:\/\/i0.wp.com\/www.altimara.eu\/blog\/wp-content\/uploads\/2016\/07\/IMG_20160712_171439523_HDR-1.jpg?resize=350%2C200 1x, https:\/\/i0.wp.com\/www.altimara.eu\/blog\/wp-content\/uploads\/2016\/07\/IMG_20160712_171439523_HDR-1.jpg?resize=525%2C300 1.5x"},"classes":[]},{"id":994,"url":"https:\/\/www.altimara.eu\/blog\/2014\/08\/18\/bois-dislande-7\/","url_meta":{"origin":1419,"position":2},"title":"Bois d&rsquo;Islande","author":"Martiou","date":"18 ao\u00fbt 2014","format":false,"excerpt":"Bois flott\u00e9, bois de flottage, bois par flottage, la d\u00e9finition du bois qui flotte est diverse. Le bois flott\u00e9 d\u00e9signe plus les arbres, branches et m\u00eame les planches qui naviguent quelques temps dans l'eau de mer. Le bois par flottage se r\u00e9f\u00e8re aux transport des grumes via les fleuves. Les\u2026","rel":"","context":"Dans &quot;Bois d'Islande, bois flott\u00e9, bois plant\u00e9&quot;","block_context":{"text":"Bois d'Islande, bois flott\u00e9, bois plant\u00e9","link":"https:\/\/www.altimara.eu\/blog\/category\/charbon-de-bois-islande\/bois-dislande-bois-flotte-bois-plante\/"},"img":{"alt_text":"640px-Odin,_Lodur,_Hoenir_skabe_Ask_og_Embla_by_Fr\u00f8lich","src":"https:\/\/i0.wp.com\/www.altimara.eu\/blog\/wp-content\/uploads\/2014\/08\/640px-Odin_Lodur_Hoenir_skabe_Ask_og_Embla_by_Fr%C3%B8lich.jpg?resize=350%2C200","width":350,"height":200,"srcset":"https:\/\/i0.wp.com\/www.altimara.eu\/blog\/wp-content\/uploads\/2014\/08\/640px-Odin_Lodur_Hoenir_skabe_Ask_og_Embla_by_Fr%C3%B8lich.jpg?resize=350%2C200 1x, https:\/\/i0.wp.com\/www.altimara.eu\/blog\/wp-content\/uploads\/2014\/08\/640px-Odin_Lodur_Hoenir_skabe_Ask_og_Embla_by_Fr%C3%B8lich.jpg?resize=525%2C300 1.5x"},"classes":[]},{"id":1396,"url":"https:\/\/www.altimara.eu\/blog\/2015\/07\/02\/bois-dislande-11\/","url_meta":{"origin":1419,"position":3},"title":"Bois d&rsquo;Islande","author":"Martiou","date":"2 juillet 2015","format":false,"excerpt":"Le site r\u00e9put\u00e9 pour ses phoques, Illusgasta\u00f0ir, p\u00e9ninsule de Vatnsnes, est un bel endroit avec une multitude d'oiseaux diff\u00e9rents. Parmi les rochers de ce bord de mer, de nombreux bois flott\u00e9s s'y sont \u00e9chou\u00e9s. Pr\u00e8s d'un vieux tronc, l\u00e0 depuis longtemps car en \u00e9tat de pourrissement, une cane Eider s'est\u2026","rel":"","context":"Dans &quot;Autre&quot;","block_context":{"text":"Autre","link":"https:\/\/www.altimara.eu\/blog\/category\/autre\/"},"img":{"alt_text":"_MAR7261-2","src":"https:\/\/i0.wp.com\/www.altimara.eu\/blog\/wp-content\/uploads\/2015\/07\/MAR7261-2.jpg?resize=350%2C200","width":350,"height":200,"srcset":"https:\/\/i0.wp.com\/www.altimara.eu\/blog\/wp-content\/uploads\/2015\/07\/MAR7261-2.jpg?resize=350%2C200 1x, https:\/\/i0.wp.com\/www.altimara.eu\/blog\/wp-content\/uploads\/2015\/07\/MAR7261-2.jpg?resize=525%2C300 1.5x"},"classes":[]},{"id":3398,"url":"https:\/\/www.altimara.eu\/blog\/2020\/06\/30\/un-bois-flotte-de-15-m\/","url_meta":{"origin":1419,"position":4},"title":"Un bois flott\u00e9 de 15 m","author":"Martiou","date":"30 juin 2020","format":false,"excerpt":"Nouvelle d'Islande, les bois flott\u00e9s qui arrivent pour la plupart de Sib\u00e9rie via le courant nord atlantique, ont \u00e9t\u00e9 dans les si\u00e8cles pass\u00e9s difficiles un mat\u00e9riau de premier choix. Le pays manque dramatiquement de ressources naturelles pour la construction dont le bois. Si ces bois de mer ont \u00e9t\u00e9 ramass\u00e9\u2026","rel":"","context":"Dans &quot;Bois d'Islande, bois flott\u00e9, bois plant\u00e9&quot;","block_context":{"text":"Bois d'Islande, bois flott\u00e9, bois plant\u00e9","link":"https:\/\/www.altimara.eu\/blog\/category\/charbon-de-bois-islande\/bois-dislande-bois-flotte-bois-plante\/"},"img":{"alt_text":"","src":"https:\/\/i0.wp.com\/www.altimara.eu\/blog\/wp-content\/uploads\/2020\/06\/Capture-d%E2%80%99e%CC%81cran-2020-06-19-a%CC%80-22.53.03.png?resize=350%2C200&ssl=1","width":350,"height":200},"classes":[]},{"id":1923,"url":"https:\/\/www.altimara.eu\/blog\/2016\/07\/14\/charbon-boreal\/","url_meta":{"origin":1419,"position":5},"title":"Charbon bor\u00e9al","author":"Martiou","date":"14 juillet 2016","format":false,"excerpt":"Nouvelle saison en Islande. Deux projets, l'un \"comment utiliser les immenses champs de lupins d'Alaska\" pour fabriquer des briquettes de charbon v\u00e9g\u00e9tal. Une id\u00e9e un peu folle que ce beau pays est capable d'accueillir. Et l'autre est la suite de la recherche des bois de mer, qui m'ont servi il\u2026","rel":"","context":"Dans &quot;3 Charbon de bois Islande&quot;","block_context":{"text":"3 Charbon de bois Islande","link":"https:\/\/www.altimara.eu\/blog\/category\/charbon-de-bois-islande\/"},"img":{"alt_text":"IMG_20160615_184028682_HDR","src":"https:\/\/i0.wp.com\/www.altimara.eu\/blog\/wp-content\/uploads\/2016\/07\/IMG_20160615_184028682_HDR.jpg?resize=350%2C200","width":350,"height":200,"srcset":"https:\/\/i0.wp.com\/www.altimara.eu\/blog\/wp-content\/uploads\/2016\/07\/IMG_20160615_184028682_HDR.jpg?resize=350%2C200 1x, https:\/\/i0.wp.com\/www.altimara.eu\/blog\/wp-content\/uploads\/2016\/07\/IMG_20160615_184028682_HDR.jpg?resize=525%2C300 1.5x, https:\/\/i0.wp.com\/www.altimara.eu\/blog\/wp-content\/uploads\/2016\/07\/IMG_20160615_184028682_HDR.jpg?resize=700%2C400 2x"},"classes":[]}],"_links":{"self":[{"href":"https:\/\/www.altimara.eu\/blog\/wp-json\/wp\/v2\/posts\/1419","targetHints":{"allow":["GET"]}}],"collection":[{"href":"https:\/\/www.altimara.eu\/blog\/wp-json\/wp\/v2\/posts"}],"about":[{"href":"https:\/\/www.altimara.eu\/blog\/wp-json\/wp\/v2\/types\/post"}],"author":[{"embeddable":true,"href":"https:\/\/www.altimara.eu\/blog\/wp-json\/wp\/v2\/users\/3"}],"replies":[{"embeddable":true,"href":"https:\/\/www.altimara.eu\/blog\/wp-json\/wp\/v2\/comments?post=1419"}],"version-history":[{"count":0,"href":"https:\/\/www.altimara.eu\/blog\/wp-json\/wp\/v2\/posts\/1419\/revisions"}],"wp:attachment":[{"href":"https:\/\/www.altimara.eu\/blog\/wp-json\/wp\/v2\/media?parent=1419"}],"wp:term":[{"taxonomy":"category","embeddable":true,"href":"https:\/\/www.altimara.eu\/blog\/wp-json\/wp\/v2\/categories?post=1419"},{"taxonomy":"post_tag","embeddable":true,"href":"https:\/\/www.altimara.eu\/blog\/wp-json\/wp\/v2\/tags?post=1419"}],"curies":[{"name":"wp","href":"https:\/\/api.w.org\/{rel}","templated":true}]}}