{"id":1390,"date":"2015-07-01T23:54:04","date_gmt":"2015-07-01T22:54:04","guid":{"rendered":"https:\/\/www.altimara.eu\/blog\/?p=1390"},"modified":"2015-08-27T21:36:07","modified_gmt":"2015-08-27T20:36:07","slug":"bois-dislande-10","status":"publish","type":"post","link":"https:\/\/www.altimara.eu\/blog\/2015\/07\/01\/bois-dislande-10\/","title":{"rendered":"Charbon de bois Islande"},"content":{"rendered":"<p>Dans la ferme mus\u00e9e de Glamb\u00e6r, une forge est pr\u00e9sent\u00e9e avec du charbon de bois. La cuisson a l&rsquo;air locale comme l&rsquo;indique les deux bouts de bois sur le cot\u00e9. Le charbon est l\u00e9ger.<\/p>\n<p><a href=\"https:\/\/i0.wp.com\/www.altimara.eu\/blog\/wp-content\/uploads\/2015\/07\/MAR7225.jpg\"><img data-recalc-dims=\"1\" loading=\"lazy\" decoding=\"async\" data-attachment-id=\"1391\" data-permalink=\"https:\/\/www.altimara.eu\/blog\/2015\/07\/01\/bois-dislande-10\/_mar7225\/\" data-orig-file=\"https:\/\/i0.wp.com\/www.altimara.eu\/blog\/wp-content\/uploads\/2015\/07\/MAR7225.jpg?fit=1000%2C639&amp;ssl=1\" data-orig-size=\"1000,639\" data-comments-opened=\"1\" data-image-meta=\"{&quot;aperture&quot;:&quot;10&quot;,&quot;credit&quot;:&quot;ACQUARONE Martial&quot;,&quot;camera&quot;:&quot;NIKON D800&quot;,&quot;caption&quot;:&quot;&quot;,&quot;created_timestamp&quot;:&quot;1435682169&quot;,&quot;copyright&quot;:&quot;ACQUARONE Martial&quot;,&quot;focal_length&quot;:&quot;38&quot;,&quot;iso&quot;:&quot;2000&quot;,&quot;shutter_speed&quot;:&quot;0.076923076923077&quot;,&quot;title&quot;:&quot;&quot;,&quot;orientation&quot;:&quot;0&quot;}\" data-image-title=\"_MAR7225\" data-image-description=\"\" data-image-caption=\"\" data-large-file=\"https:\/\/i0.wp.com\/www.altimara.eu\/blog\/wp-content\/uploads\/2015\/07\/MAR7225.jpg?fit=627%2C401&amp;ssl=1\" class=\"aligncenter size-full wp-image-1391\" src=\"https:\/\/i0.wp.com\/www.altimara.eu\/blog\/wp-content\/uploads\/2015\/07\/MAR7225.jpg?resize=627%2C401\" alt=\"_MAR7225\" width=\"627\" height=\"401\" srcset=\"https:\/\/i0.wp.com\/www.altimara.eu\/blog\/wp-content\/uploads\/2015\/07\/MAR7225.jpg?w=1000&amp;ssl=1 1000w, https:\/\/i0.wp.com\/www.altimara.eu\/blog\/wp-content\/uploads\/2015\/07\/MAR7225.jpg?resize=300%2C192&amp;ssl=1 300w\" sizes=\"auto, (max-width: 627px) 100vw, 627px\" \/><\/a><\/p>\n<p>L&rsquo;Islande fournissant peu de mati\u00e8re v\u00e9g\u00e9tale \u00e0 carboniser (cf post 2013), le charbon a \u00e9t\u00e9 supplant\u00e9 avec l&rsquo;utilisation de la crotte de brebis pour faire la cuisine. Celle-ci fournie un combustible moyen, tr\u00e8s enfumeur ce qui permettait de boucaner la viande. C&rsquo;est une m\u00e9thode toujours utilis\u00e9e en particulier autour du lac M\u00fdvatn pour fumer les filets de truites.<\/p>\n<p>Un stock de crottes avec l&rsquo;outil pour la d\u00e9coupe.<\/p>\n<p><a href=\"https:\/\/i0.wp.com\/www.altimara.eu\/blog\/wp-content\/uploads\/2015\/07\/MAR7220.jpg\"><img data-recalc-dims=\"1\" loading=\"lazy\" decoding=\"async\" data-attachment-id=\"1392\" data-permalink=\"https:\/\/www.altimara.eu\/blog\/2015\/07\/01\/bois-dislande-10\/_mar7220\/\" data-orig-file=\"https:\/\/i0.wp.com\/www.altimara.eu\/blog\/wp-content\/uploads\/2015\/07\/MAR7220.jpg?fit=667%2C1000&amp;ssl=1\" data-orig-size=\"667,1000\" data-comments-opened=\"1\" data-image-meta=\"{&quot;aperture&quot;:&quot;3.2&quot;,&quot;credit&quot;:&quot;ACQUARONE Martial&quot;,&quot;camera&quot;:&quot;NIKON D800&quot;,&quot;caption&quot;:&quot;&quot;,&quot;created_timestamp&quot;:&quot;1435682017&quot;,&quot;copyright&quot;:&quot;ACQUARONE Martial&quot;,&quot;focal_length&quot;:&quot;70&quot;,&quot;iso&quot;:&quot;2000&quot;,&quot;shutter_speed&quot;:&quot;0.2&quot;,&quot;title&quot;:&quot;&quot;,&quot;orientation&quot;:&quot;0&quot;}\" data-image-title=\"_MAR7220\" data-image-description=\"\" data-image-caption=\"\" data-large-file=\"https:\/\/i0.wp.com\/www.altimara.eu\/blog\/wp-content\/uploads\/2015\/07\/MAR7220.jpg?fit=627%2C940&amp;ssl=1\" class=\"aligncenter size-full wp-image-1392\" src=\"https:\/\/i0.wp.com\/www.altimara.eu\/blog\/wp-content\/uploads\/2015\/07\/MAR7220.jpg?resize=627%2C940\" alt=\"_MAR7220\" width=\"627\" height=\"940\" srcset=\"https:\/\/i0.wp.com\/www.altimara.eu\/blog\/wp-content\/uploads\/2015\/07\/MAR7220.jpg?w=667&amp;ssl=1 667w, https:\/\/i0.wp.com\/www.altimara.eu\/blog\/wp-content\/uploads\/2015\/07\/MAR7220.jpg?resize=200%2C300&amp;ssl=1 200w\" sizes=\"auto, (max-width: 627px) 100vw, 627px\" \/><\/a><\/p>\n<p><a href=\"http:\/\/www.glaumbaer.is\/is\/information\/glaumbaer-farm\/glaumbaer-fran-ais\" target=\"_blank\">Informations ferme de Glaumbaer<\/a><\/p>\n","protected":false},"excerpt":{"rendered":"<p>Dans la ferme mus\u00e9e de Glamb\u00e6r, une forge est pr\u00e9sent\u00e9e avec du charbon de bois. La cuisson a l&rsquo;air locale comme l&rsquo;indique les deux bouts de bois sur le cot\u00e9. Le charbon est l\u00e9ger. L&rsquo;Islande fournissant peu de mati\u00e8re v\u00e9g\u00e9tale \u00e0 carboniser (cf post 2013), le charbon a \u00e9t\u00e9 supplant\u00e9 avec l&rsquo;utilisation de la crotte [&hellip;]<\/p>\n","protected":false},"author":3,"featured_media":0,"comment_status":"open","ping_status":"open","sticky":false,"template":"","format":"standard","meta":{"ngg_post_thumbnail":0,"jetpack_post_was_ever_published":false,"_jetpack_newsletter_access":"","_jetpack_dont_email_post_to_subs":false,"_jetpack_newsletter_tier_id":0,"_jetpack_memberships_contains_paywalled_content":false,"_jetpack_memberships_contains_paid_content":false,"footnotes":"","jetpack_publicize_message":"","jetpack_publicize_feature_enabled":true,"jetpack_social_post_already_shared":true,"jetpack_social_options":{"image_generator_settings":{"template":"highway","default_image_id":0,"font":"","enabled":false},"version":2}},"categories":[36,5],"tags":[32,33],"class_list":["post-1390","post","type-post","status-publish","format-standard","hentry","category-charbon-de-bois-islande","category-autre","tag-bois-flotte","tag-islande"],"jetpack_publicize_connections":[],"jetpack_featured_media_url":"","jetpack_shortlink":"https:\/\/wp.me\/p4r91c-mq","jetpack_sharing_enabled":true,"jetpack-related-posts":[{"id":4686,"url":"https:\/\/www.altimara.eu\/blog\/2025\/11\/17\/bois-flotte-arctique\/","url_meta":{"origin":1390,"position":0},"title":"Bois flott\u00e9 arctique","author":"Martiou","date":"17 novembre 2025","format":false,"excerpt":"Une \u00e9tude r\u00e9cente des bois flott\u00e9s dans le nord de l\u2019oc\u00e9an Atlantique m\u2019a interpell\u00e9 pour diff\u00e9rentes raisons. Depuis deux d\u00e9cennies je photographie les bois flott\u00e9s en Islande. Et dans les derni\u00e8res ann\u00e9es comme cet \u00e9t\u00e9 2025 j\u2019ai pu carboniser de ce bois sur la c\u00f4te sud. Les bois flott\u00e9s s\u2019\u00e9chouent\u2026","rel":"","context":"Dans &quot;Bois d'Islande, bois flott\u00e9, bois plant\u00e9&quot;","block_context":{"text":"Bois d'Islande, bois flott\u00e9, bois plant\u00e9","link":"https:\/\/www.altimara.eu\/blog\/category\/charbon-de-bois-islande\/bois-dislande-bois-flotte-bois-plante\/"},"img":{"alt_text":"","src":"https:\/\/i0.wp.com\/www.altimara.eu\/blog\/wp-content\/uploads\/2025\/11\/Capture-decran-2025-11-17-a-17.32.24.png?resize=350%2C200&ssl=1","width":350,"height":200,"srcset":"https:\/\/i0.wp.com\/www.altimara.eu\/blog\/wp-content\/uploads\/2025\/11\/Capture-decran-2025-11-17-a-17.32.24.png?resize=350%2C200&ssl=1 1x, https:\/\/i0.wp.com\/www.altimara.eu\/blog\/wp-content\/uploads\/2025\/11\/Capture-decran-2025-11-17-a-17.32.24.png?resize=525%2C300&ssl=1 1.5x"},"classes":[]},{"id":1923,"url":"https:\/\/www.altimara.eu\/blog\/2016\/07\/14\/charbon-boreal\/","url_meta":{"origin":1390,"position":1},"title":"Charbon bor\u00e9al","author":"Martiou","date":"14 juillet 2016","format":false,"excerpt":"Nouvelle saison en Islande. Deux projets, l'un \"comment utiliser les immenses champs de lupins d'Alaska\" pour fabriquer des briquettes de charbon v\u00e9g\u00e9tal. Une id\u00e9e un peu folle que ce beau pays est capable d'accueillir. Et l'autre est la suite de la recherche des bois de mer, qui m'ont servi il\u2026","rel":"","context":"Dans &quot;3 Charbon de bois Islande&quot;","block_context":{"text":"3 Charbon de bois Islande","link":"https:\/\/www.altimara.eu\/blog\/category\/charbon-de-bois-islande\/"},"img":{"alt_text":"IMG_20160615_184028682_HDR","src":"https:\/\/i0.wp.com\/www.altimara.eu\/blog\/wp-content\/uploads\/2016\/07\/IMG_20160615_184028682_HDR.jpg?resize=350%2C200","width":350,"height":200,"srcset":"https:\/\/i0.wp.com\/www.altimara.eu\/blog\/wp-content\/uploads\/2016\/07\/IMG_20160615_184028682_HDR.jpg?resize=350%2C200 1x, https:\/\/i0.wp.com\/www.altimara.eu\/blog\/wp-content\/uploads\/2016\/07\/IMG_20160615_184028682_HDR.jpg?resize=525%2C300 1.5x, https:\/\/i0.wp.com\/www.altimara.eu\/blog\/wp-content\/uploads\/2016\/07\/IMG_20160615_184028682_HDR.jpg?resize=700%2C400 2x"},"classes":[]},{"id":2351,"url":"https:\/\/www.altimara.eu\/blog\/2017\/06\/23\/charbon-en-islande\/","url_meta":{"origin":1390,"position":2},"title":"Charbon en Islande","author":"Martiou","date":"23 juin 2017","format":false,"excerpt":"Me voil\u00e0 de retour dans la lointaine \u00eele du nord, l'Islande. Premier contact avec le charbon de bois. Un retour sur les derni\u00e8res charbonni\u00e8res pratiqu\u00e9es dans la r\u00e9gion de Skatafell. Cet endroit est aujourd'hui un parc national tr\u00e8s couru par les touristes. Faut dire que le site est superbe avec\u2026","rel":"","context":"Dans &quot;3 Charbon de bois Islande&quot;","block_context":{"text":"3 Charbon de bois Islande","link":"https:\/\/www.altimara.eu\/blog\/category\/charbon-de-bois-islande\/"},"img":{"alt_text":"","src":"https:\/\/i0.wp.com\/www.altimara.eu\/blog\/wp-content\/uploads\/2017\/06\/20170622_075334-Modifier-225x300.jpg?resize=350%2C200","width":350,"height":200},"classes":[]},{"id":1409,"url":"https:\/\/www.altimara.eu\/blog\/2015\/07\/14\/bois-dislande-13\/","url_meta":{"origin":1390,"position":3},"title":"Charbon de bois d&rsquo;Islande","author":"Martiou","date":"14 juillet 2015","format":false,"excerpt":"Depuis longtemps je cherche du sel noir d\u2019Hawa\u00ef. Ce sel est extrait de l'eau du Pacifique dans l'\u00eele de Moloka\u00ef. Il est ensuite m\u00e9lang\u00e9 \u00e0 du charbon actif qui lui donne sa couleur noire. Recherch\u00e9 pour sa qualit\u00e9 gustative moins agressive que le sel standard des salins on ne le\u2026","rel":"","context":"Dans &quot;3 Charbon de bois Islande&quot;","block_context":{"text":"3 Charbon de bois Islande","link":"https:\/\/www.altimara.eu\/blog\/category\/charbon-de-bois-islande\/"},"img":{"alt_text":"black-lava.jpg-for-web","src":"https:\/\/i0.wp.com\/www.altimara.eu\/blog\/wp-content\/uploads\/2015\/07\/black-lava.jpg-for-web-162x300.jpg?resize=350%2C200","width":350,"height":200},"classes":[]},{"id":1377,"url":"https:\/\/www.altimara.eu\/blog\/2015\/06\/26\/islande-2\/","url_meta":{"origin":1390,"position":4},"title":"Charbon de bois Islande","author":"Martiou","date":"26 juin 2015","format":false,"excerpt":"Me voil\u00e0 de retour en Islande. Objectif continuer le travail sur les bois flott\u00e9s et tester la carbonisation des algues pour un projet futur. Je joins une belle image d'un alignement de four \u00e0 charbon de la Vall\u00e9e de la Mort aux States: Wildrose Charcoal Kilns. Une r\u00e9alisation, pass\u00e9e, \u00e0\u2026","rel":"","context":"Dans &quot;3 Charbon de bois Islande&quot;","block_context":{"text":"3 Charbon de bois Islande","link":"https:\/\/www.altimara.eu\/blog\/category\/charbon-de-bois-islande\/"},"img":{"alt_text":"72559_1600x1200-wallpaper-cb1382124090","src":"https:\/\/i0.wp.com\/www.altimara.eu\/blog\/wp-content\/uploads\/2015\/06\/72559_1600x1200-wallpaper-cb1382124090-1024x768.jpg?resize=350%2C200","width":350,"height":200,"srcset":"https:\/\/i0.wp.com\/www.altimara.eu\/blog\/wp-content\/uploads\/2015\/06\/72559_1600x1200-wallpaper-cb1382124090-1024x768.jpg?resize=350%2C200 1x, https:\/\/i0.wp.com\/www.altimara.eu\/blog\/wp-content\/uploads\/2015\/06\/72559_1600x1200-wallpaper-cb1382124090-1024x768.jpg?resize=525%2C300 1.5x"},"classes":[]},{"id":1436,"url":"https:\/\/www.altimara.eu\/blog\/2015\/08\/24\/charbon-de-bois-islande\/","url_meta":{"origin":1390,"position":5},"title":"Charbon de bois Islande","author":"Martiou","date":"24 ao\u00fbt 2015","format":false,"excerpt":"\u00d4 surprise, dans un restaurant perdu au milieu d'une coul\u00e9e de lave, \u00e0 H\u00fasafell, je m'assois \u00e0 une table et l\u00e0 une photo de charbonni\u00e8re est juste au dessus de moi... le fermier Thorsteinn a \u00e9t\u00e9 photographi\u00e9 par \u00der\u00e1nd\u00adur Thorodd\u00adsen, cin\u00e9aste\/photographe, en 1954, pendant une cuisson. Apparemment c'est avec du\u2026","rel":"","context":"Dans &quot;Charbon de bois&quot;","block_context":{"text":"Charbon de bois","link":"https:\/\/www.altimara.eu\/blog\/category\/charbon-de-bois-carbon-art\/"},"img":{"alt_text":"_MAR8094","src":"https:\/\/i0.wp.com\/www.altimara.eu\/blog\/wp-content\/uploads\/2015\/08\/MAR8094.jpg?resize=350%2C200","width":350,"height":200,"srcset":"https:\/\/i0.wp.com\/www.altimara.eu\/blog\/wp-content\/uploads\/2015\/08\/MAR8094.jpg?resize=350%2C200 1x, https:\/\/i0.wp.com\/www.altimara.eu\/blog\/wp-content\/uploads\/2015\/08\/MAR8094.jpg?resize=525%2C300 1.5x, https:\/\/i0.wp.com\/www.altimara.eu\/blog\/wp-content\/uploads\/2015\/08\/MAR8094.jpg?resize=700%2C400 2x"},"classes":[]}],"_links":{"self":[{"href":"https:\/\/www.altimara.eu\/blog\/wp-json\/wp\/v2\/posts\/1390","targetHints":{"allow":["GET"]}}],"collection":[{"href":"https:\/\/www.altimara.eu\/blog\/wp-json\/wp\/v2\/posts"}],"about":[{"href":"https:\/\/www.altimara.eu\/blog\/wp-json\/wp\/v2\/types\/post"}],"author":[{"embeddable":true,"href":"https:\/\/www.altimara.eu\/blog\/wp-json\/wp\/v2\/users\/3"}],"replies":[{"embeddable":true,"href":"https:\/\/www.altimara.eu\/blog\/wp-json\/wp\/v2\/comments?post=1390"}],"version-history":[{"count":0,"href":"https:\/\/www.altimara.eu\/blog\/wp-json\/wp\/v2\/posts\/1390\/revisions"}],"wp:attachment":[{"href":"https:\/\/www.altimara.eu\/blog\/wp-json\/wp\/v2\/media?parent=1390"}],"wp:term":[{"taxonomy":"category","embeddable":true,"href":"https:\/\/www.altimara.eu\/blog\/wp-json\/wp\/v2\/categories?post=1390"},{"taxonomy":"post_tag","embeddable":true,"href":"https:\/\/www.altimara.eu\/blog\/wp-json\/wp\/v2\/tags?post=1390"}],"curies":[{"name":"wp","href":"https:\/\/api.w.org\/{rel}","templated":true}]}}