{"id":1295,"date":"2015-03-26T00:21:57","date_gmt":"2015-03-25T23:21:57","guid":{"rendered":"https:\/\/www.altimara.eu\/blog\/?p=1295"},"modified":"2015-03-26T00:24:11","modified_gmt":"2015-03-25T23:24:11","slug":"saga-charbon","status":"publish","type":"post","link":"https:\/\/www.altimara.eu\/blog\/2015\/03\/26\/saga-charbon\/","title":{"rendered":"Saga Charbon"},"content":{"rendered":"<p>Mes activit\u00e9s de charbonnier ne se r\u00e9sume pas qu&rsquo;\u00e0 \u00ab\u00a0faire du charbon de bois\u00a0\u00bb. J&rsquo;ai la chance aussi de pouvoir en parler \u00e0 un auditoire, d&rsquo;exposer des photos ou de participer \u00e0 des r\u00e9alisations de m\u00e9dias. C&rsquo;est avec la section patrimoine du foyer rural Les Quintillades que j&rsquo;ai d\u00e9couvert puis d\u00e9velopper la diffusion de ces nouvelles connaissances, tant par le savoir que par le savoir faire qui s&rsquo;est affirm\u00e9. C&rsquo;est aussi gr\u00e2ce \u00e0 l&rsquo;accompagnement, la fid\u00e9lit\u00e9 et la complicit\u00e9 des autres membres de la section patrimoine. Avec un effet rayonnant car ils et elles sont devenus des animateurs admir\u00e9s, au Garou par exemple, sur divers th\u00e8mes traitant des usages des garrigues.<\/p>\n<p>Avec ALTIMARA, la professionnalisation a suivie. Mon ami Ren\u00e9 y participe avec sa grande connaissance des techniques d&rsquo;allumage du feu.<\/p>\n<p>J&rsquo;ai donc aujourd&rsquo;hui un peu plus de douze ans d&rsquo;exp\u00e9rience dans le charbon de bois et j&rsquo;ai comme l&rsquo;impression que ce n&rsquo;est que le d\u00e9but tellement il y a des \u00e9l\u00e9ments \u00e0 d\u00e9couvrir.<\/p>\n<p>Saga Charbon.<\/p>\n<p>Une page du catalogue de\u00a0mon exposition de photos g\u00e9antes<\/p>\n<p><a href=\"https:\/\/i0.wp.com\/www.altimara.eu\/blog\/wp-content\/uploads\/2015\/03\/expow.jpg\"><br \/>\n<img data-recalc-dims=\"1\" loading=\"lazy\" decoding=\"async\" data-attachment-id=\"1298\" data-permalink=\"https:\/\/www.altimara.eu\/blog\/2015\/03\/26\/saga-charbon\/pages-de-expow\/\" data-orig-file=\"https:\/\/i0.wp.com\/www.altimara.eu\/blog\/wp-content\/uploads\/2015\/03\/Pages-de-expow.jpg?fit=841%2C595&amp;ssl=1\" data-orig-size=\"841,595\" data-comments-opened=\"1\" data-image-meta=\"{&quot;aperture&quot;:&quot;0&quot;,&quot;credit&quot;:&quot;&quot;,&quot;camera&quot;:&quot;&quot;,&quot;caption&quot;:&quot;&quot;,&quot;created_timestamp&quot;:&quot;0&quot;,&quot;copyright&quot;:&quot;&quot;,&quot;focal_length&quot;:&quot;0&quot;,&quot;iso&quot;:&quot;0&quot;,&quot;shutter_speed&quot;:&quot;0&quot;,&quot;title&quot;:&quot;&quot;,&quot;orientation&quot;:&quot;0&quot;}\" data-image-title=\"Pages de expow\" data-image-description=\"\" data-image-caption=\"\" data-large-file=\"https:\/\/i0.wp.com\/www.altimara.eu\/blog\/wp-content\/uploads\/2015\/03\/Pages-de-expow.jpg?fit=627%2C444&amp;ssl=1\" class=\"aligncenter size-full wp-image-1298\" src=\"https:\/\/i0.wp.com\/www.altimara.eu\/blog\/wp-content\/uploads\/2015\/03\/Pages-de-expow.jpg?resize=627%2C444\" alt=\"Pages de expow\" width=\"627\" height=\"444\" srcset=\"https:\/\/i0.wp.com\/www.altimara.eu\/blog\/wp-content\/uploads\/2015\/03\/Pages-de-expow.jpg?w=841&amp;ssl=1 841w, https:\/\/i0.wp.com\/www.altimara.eu\/blog\/wp-content\/uploads\/2015\/03\/Pages-de-expow.jpg?resize=300%2C212&amp;ssl=1 300w\" sizes=\"auto, (max-width: 627px) 100vw, 627px\" \/><\/a><\/p>\n<p>&nbsp;<\/p>\n<p>&nbsp;<\/p>\n","protected":false},"excerpt":{"rendered":"<p>Mes activit\u00e9s de charbonnier ne se r\u00e9sume pas qu&rsquo;\u00e0 \u00ab\u00a0faire du charbon de bois\u00a0\u00bb. J&rsquo;ai la chance aussi de pouvoir en parler \u00e0 un auditoire, d&rsquo;exposer des photos ou de participer \u00e0 des r\u00e9alisations de m\u00e9dias. C&rsquo;est avec la section patrimoine du foyer rural Les Quintillades que j&rsquo;ai d\u00e9couvert puis d\u00e9velopper la diffusion de ces [&hellip;]<\/p>\n","protected":false},"author":3,"featured_media":0,"comment_status":"open","ping_status":"open","sticky":false,"template":"","format":"standard","meta":{"ngg_post_thumbnail":0,"jetpack_post_was_ever_published":false,"_jetpack_newsletter_access":"","_jetpack_dont_email_post_to_subs":false,"_jetpack_newsletter_tier_id":0,"_jetpack_memberships_contains_paywalled_content":false,"_jetpack_memberships_contains_paid_content":false,"footnotes":"","jetpack_publicize_message":"","jetpack_publicize_feature_enabled":true,"jetpack_social_post_already_shared":true,"jetpack_social_options":{"image_generator_settings":{"template":"highway","default_image_id":0,"font":"","enabled":false},"version":2}},"categories":[5,6,1],"tags":[],"class_list":["post-1295","post","type-post","status-publish","format-standard","hentry","category-autre","category-charbon-de-bois-carbon-art","category-non-classe"],"jetpack_publicize_connections":[],"jetpack_featured_media_url":"","jetpack_shortlink":"https:\/\/wp.me\/p4r91c-kT","jetpack_sharing_enabled":true,"jetpack-related-posts":[{"id":50,"url":"https:\/\/www.altimara.eu\/blog\/2013\/12\/18\/martial-le-charbonnier\/","url_meta":{"origin":1295,"position":0},"title":"Martial le charbonnier","author":"Martiou","date":"18 d\u00e9cembre 2013","format":false,"excerpt":"Longtemps photographe de m\u00e9tier, paysagiste de coeur, j'aime les vastes \u00e9tendues et essaye de transmettre la s\u00e9r\u00e9nit\u00e9 des lieux.\u00a0Mais le monde a \u00e9t\u00e9 boulevers\u00e9 par les Hommes et leurs savoirs. Ceux-ci me passionnent et m'ont fait guide. J'ai y rajouter l'exp\u00e9rience \u00e0 la connaissance pour maitriser un savoir-faire, un d'ici,\u2026","rel":"","context":"Dans &quot;Autre&quot;","block_context":{"text":"Autre","link":"https:\/\/www.altimara.eu\/blog\/category\/autre\/"},"img":{"alt_text":"Image","src":"https:\/\/i0.wp.com\/www.altimara.eu\/blog\/wp-content\/uploads\/2013\/12\/copie-de-we-soustelle-001-2.jpg?resize=350%2C200","width":350,"height":200},"classes":[]},{"id":2684,"url":"https:\/\/www.altimara.eu\/blog\/2018\/03\/10\/blanchette-et-les-loups\/","url_meta":{"origin":1295,"position":1},"title":"Blanchette et les loups","author":"Martiou","date":"10 mars 2018","format":false,"excerpt":"L'\u00e9quipe de la section patrimoine n'a pas peur de se mouiller pour r\u00e9aliser une belle rencontre avec Blanchette... Oui \u00e0 la ZAD des garrigues...heu non la f\u00eate de la charbonni\u00e8re!","rel":"","context":"Dans &quot;Charbon de bois&quot;","block_context":{"text":"Charbon de bois","link":"https:\/\/www.altimara.eu\/blog\/category\/charbon-de-bois-carbon-art\/"},"img":{"alt_text":"","src":"https:\/\/i0.wp.com\/www.altimara.eu\/blog\/wp-content\/uploads\/2018\/03\/IMG_20180310_121223552.jpg?resize=350%2C200&ssl=1","width":350,"height":200,"srcset":"https:\/\/i0.wp.com\/www.altimara.eu\/blog\/wp-content\/uploads\/2018\/03\/IMG_20180310_121223552.jpg?resize=350%2C200&ssl=1 1x, https:\/\/i0.wp.com\/www.altimara.eu\/blog\/wp-content\/uploads\/2018\/03\/IMG_20180310_121223552.jpg?resize=525%2C300&ssl=1 1.5x, https:\/\/i0.wp.com\/www.altimara.eu\/blog\/wp-content\/uploads\/2018\/03\/IMG_20180310_121223552.jpg?resize=700%2C400&ssl=1 2x, https:\/\/i0.wp.com\/www.altimara.eu\/blog\/wp-content\/uploads\/2018\/03\/IMG_20180310_121223552.jpg?resize=1050%2C600&ssl=1 3x, https:\/\/i0.wp.com\/www.altimara.eu\/blog\/wp-content\/uploads\/2018\/03\/IMG_20180310_121223552.jpg?resize=1400%2C800&ssl=1 4x"},"classes":[]},{"id":599,"url":"https:\/\/www.altimara.eu\/blog\/2014\/02\/12\/festival-des-charbonnieres-2\/","url_meta":{"origin":1295,"position":2},"title":"Festival des charbonni\u00e8res","author":"Martiou","date":"12 f\u00e9vrier 2014","format":false,"excerpt":"Ce festival a \u00e9t\u00e9 cr\u00e9\u00e9 et est organis\u00e9 par la section patrimoine du foyer rural Les Quintillades \u00e0 Sainte-Croix-De-Quintillargues. Cette ann\u00e9e verra la 5\u00e8me \u00e9dition le 6 avril. La section patrimoine a obtenu de nombreux prix pour ses actions et son festival. 1er prix du patrimoine du Conseil G\u00e9n\u00e9ral de\u2026","rel":"","context":"Dans &quot;1 Festival charbonni\u00e8res LO GAROU&quot;","block_context":{"text":"1 Festival charbonni\u00e8res LO GAROU","link":"https:\/\/www.altimara.eu\/blog\/category\/1-festival-charbonnieres-lo-garou\/"},"img":{"alt_text":"sigle noir","src":"https:\/\/i0.wp.com\/www.altimara.eu\/blog\/wp-content\/uploads\/2013\/12\/sigle-noir.jpg?resize=350%2C200","width":350,"height":200},"classes":[]},{"id":2893,"url":"https:\/\/www.altimara.eu\/blog\/2018\/11\/18\/visite\/","url_meta":{"origin":1295,"position":3},"title":"Visite","author":"Martiou","date":"18 novembre 2018","format":false,"excerpt":"R\u00e9guli\u00e8rement l'\u00e9quipe de la section patrimoine se retrouve dans le site des charbonni\u00e8res pour diverses activit\u00e9s. Ce jour l\u00e0 nous \u00e9tions en plein d\u00e9broussaillement quand un grand groupe associatif en balade est arriv\u00e9. L'occasion d'\u00e9changer, de pr\u00e9senter les site et le \"monde\" des charbonniers. Ce genre de rencontre est toujours\u2026","rel":"","context":"Dans &quot;Charbon de bois&quot;","block_context":{"text":"Charbon de bois","link":"https:\/\/www.altimara.eu\/blog\/category\/charbon-de-bois-carbon-art\/"},"img":{"alt_text":"","src":"https:\/\/i0.wp.com\/www.altimara.eu\/blog\/wp-content\/uploads\/2018\/11\/IMG_20181110_101350851-169x300.jpg?resize=350%2C200","width":350,"height":200},"classes":[]},{"id":4604,"url":"https:\/\/www.altimara.eu\/blog\/2025\/05\/20\/vin-et-charbon\/","url_meta":{"origin":1295,"position":4},"title":"Vin et charbon","author":"Martiou","date":"20 mai 2025","format":false,"excerpt":"Deux jours pass\u00e9s au milieu d'un vignoble du Pic-St-Loup au domaine de Lancyre pour pr\u00e9senter l'activit\u00e9 charbonni\u00e8re de nos garrigues. Un pur plaisir \u00e0 la fois par le site, les rencontres et l'exceptionnelle qualit\u00e9 de l'\u00e9quipe du Ch\u00e2teau de Lancyre. Christel et R\u00e9gis Valentin, les heureux propri\u00e9taires de ce vignoble,\u2026","rel":"","context":"Dans &quot;0- MES CHARBONNI\u00c8RES&quot;","block_context":{"text":"0- MES CHARBONNI\u00c8RES","link":"https:\/\/www.altimara.eu\/blog\/category\/mes-charbonnieres\/"},"img":{"alt_text":"","src":"https:\/\/i0.wp.com\/www.altimara.eu\/blog\/wp-content\/uploads\/2025\/05\/IMG_20250518_110037-scaled.jpg?resize=350%2C200&ssl=1","width":350,"height":200,"srcset":"https:\/\/i0.wp.com\/www.altimara.eu\/blog\/wp-content\/uploads\/2025\/05\/IMG_20250518_110037-scaled.jpg?resize=350%2C200&ssl=1 1x, https:\/\/i0.wp.com\/www.altimara.eu\/blog\/wp-content\/uploads\/2025\/05\/IMG_20250518_110037-scaled.jpg?resize=525%2C300&ssl=1 1.5x, https:\/\/i0.wp.com\/www.altimara.eu\/blog\/wp-content\/uploads\/2025\/05\/IMG_20250518_110037-scaled.jpg?resize=700%2C400&ssl=1 2x, https:\/\/i0.wp.com\/www.altimara.eu\/blog\/wp-content\/uploads\/2025\/05\/IMG_20250518_110037-scaled.jpg?resize=1050%2C600&ssl=1 3x, https:\/\/i0.wp.com\/www.altimara.eu\/blog\/wp-content\/uploads\/2025\/05\/IMG_20250518_110037-scaled.jpg?resize=1400%2C800&ssl=1 4x"},"classes":[]},{"id":1707,"url":"https:\/\/www.altimara.eu\/blog\/2016\/03\/02\/four-a-chaux\/","url_meta":{"origin":1295,"position":5},"title":"Four \u00e0 chaux","author":"Martiou","date":"2 mars 2016","format":false,"excerpt":"En garrigues, nous trouvons aussi d'autres utilisations du bois pour chauffer. Les fours sont nombreux et diff\u00e9rents en fonction des usages. Fours \u00e0 poix, \u00e0 cades, \u00e0 tuiles et dans nos pays calcaires de nombreux fours \u00e0 chaux. La roche calcaire est compos\u00e9e de carbonate de calcium et d'acide carbonique.\u2026","rel":"","context":"Dans &quot;Autre&quot;","block_context":{"text":"Autre","link":"https:\/\/www.altimara.eu\/blog\/category\/autre\/"},"img":{"alt_text":"titre-noir","src":"https:\/\/i0.wp.com\/www.altimara.eu\/blog\/wp-content\/uploads\/2014\/02\/titre-noir2.jpg?resize=350%2C200","width":350,"height":200},"classes":[]}],"_links":{"self":[{"href":"https:\/\/www.altimara.eu\/blog\/wp-json\/wp\/v2\/posts\/1295","targetHints":{"allow":["GET"]}}],"collection":[{"href":"https:\/\/www.altimara.eu\/blog\/wp-json\/wp\/v2\/posts"}],"about":[{"href":"https:\/\/www.altimara.eu\/blog\/wp-json\/wp\/v2\/types\/post"}],"author":[{"embeddable":true,"href":"https:\/\/www.altimara.eu\/blog\/wp-json\/wp\/v2\/users\/3"}],"replies":[{"embeddable":true,"href":"https:\/\/www.altimara.eu\/blog\/wp-json\/wp\/v2\/comments?post=1295"}],"version-history":[{"count":0,"href":"https:\/\/www.altimara.eu\/blog\/wp-json\/wp\/v2\/posts\/1295\/revisions"}],"wp:attachment":[{"href":"https:\/\/www.altimara.eu\/blog\/wp-json\/wp\/v2\/media?parent=1295"}],"wp:term":[{"taxonomy":"category","embeddable":true,"href":"https:\/\/www.altimara.eu\/blog\/wp-json\/wp\/v2\/categories?post=1295"},{"taxonomy":"post_tag","embeddable":true,"href":"https:\/\/www.altimara.eu\/blog\/wp-json\/wp\/v2\/tags?post=1295"}],"curies":[{"name":"wp","href":"https:\/\/api.w.org\/{rel}","templated":true}]}}