{"id":1096,"date":"2014-11-23T21:53:21","date_gmt":"2014-11-23T20:53:21","guid":{"rendered":"https:\/\/www.altimara.eu\/blog\/?p=1096"},"modified":"2014-11-24T21:07:58","modified_gmt":"2014-11-24T20:07:58","slug":"la-grande-epic-au-saint-loup-24","status":"publish","type":"post","link":"https:\/\/www.altimara.eu\/blog\/2014\/11\/23\/la-grande-epic-au-saint-loup-24\/","title":{"rendered":"La Grande E[pic] au Saint Loup"},"content":{"rendered":"<p>Une vid\u00e9o sympa de la Grande E[pic] de la journ\u00e9e du 5 octobre.<\/p>\n<p><a href=\"https:\/\/vimeo.com\/112622683\">https:\/\/vimeo.com\/112622683<\/a><\/p>\n<p>Et une autre r\u00e9alis\u00e9e par Berta (note:<em>\u00a0l&rsquo;intro des mots est longue = patience<\/em>)<\/p>\n<p>&nbsp;<\/p>\n<p><span class=\"embed-youtube\" style=\"text-align:center; display: block;\"><iframe loading=\"lazy\" class=\"youtube-player\" width=\"627\" height=\"353\" src=\"https:\/\/www.youtube.com\/embed\/KxjCtTPEPkE?version=3&#038;rel=1&#038;showsearch=0&#038;showinfo=1&#038;iv_load_policy=1&#038;fs=1&#038;hl=fr-FR&#038;autohide=2&#038;wmode=transparent\" allowfullscreen=\"true\" style=\"border:0;\" sandbox=\"allow-scripts allow-same-origin allow-popups allow-presentation allow-popups-to-escape-sandbox\"><\/iframe><\/span><\/p>\n","protected":false},"excerpt":{"rendered":"<p>Une vid\u00e9o sympa de la Grande E[pic] de la journ\u00e9e du 5 octobre. https:\/\/vimeo.com\/112622683 Et une autre r\u00e9alis\u00e9e par Berta (note:\u00a0l&rsquo;intro des mots est longue = patience) &nbsp;<\/p>\n","protected":false},"author":3,"featured_media":0,"comment_status":"open","ping_status":"open","sticky":false,"template":"","format":"standard","meta":{"ngg_post_thumbnail":0,"jetpack_post_was_ever_published":false,"_jetpack_newsletter_access":"","_jetpack_dont_email_post_to_subs":false,"_jetpack_newsletter_tier_id":0,"_jetpack_memberships_contains_paywalled_content":false,"_jetpack_memberships_contains_paid_content":false,"footnotes":"","jetpack_publicize_message":"","jetpack_publicize_feature_enabled":true,"jetpack_social_post_already_shared":true,"jetpack_social_options":{"image_generator_settings":{"template":"highway","default_image_id":0,"font":"","enabled":false},"version":2}},"categories":[3],"tags":[],"class_list":["post-1096","post","type-post","status-publish","format-standard","hentry","category-2-la-grande-epic-au-saint-loup"],"jetpack_publicize_connections":[],"jetpack_featured_media_url":"","jetpack_shortlink":"https:\/\/wp.me\/p4r91c-hG","jetpack_sharing_enabled":true,"jetpack-related-posts":[{"id":944,"url":"https:\/\/www.altimara.eu\/blog\/2014\/06\/23\/la-grande-epic-au-saint-loup-15\/","url_meta":{"origin":1096,"position":0},"title":"La Grande E[pic] au Saint Loup","author":"Martiou","date":"23 juin 2014","format":false,"excerpt":"Toutes les t\u00eates sont pr\u00eates pour la carbonisation en septembre. Elles entament d\u00e9j\u00e0 la mont\u00e9e au Pic. Toujours plus de photos:\u00a0https:\/\/picasaweb.google.com\/Martiacq\/TetesNoiresAuPic?authkey=Gv1sRgCLuvgvydm-XjnwE \u00a0","rel":"","context":"Dans &quot;2 La Grande E[pic] au Saint Loup&quot;","block_context":{"text":"2 La Grande E[pic] au Saint Loup","link":"https:\/\/www.altimara.eu\/blog\/category\/2-la-grande-epic-au-saint-loup\/"},"img":{"alt_text":"_MAR0573","src":"https:\/\/i0.wp.com\/www.altimara.eu\/blog\/wp-content\/uploads\/2014\/06\/MAR0573.jpg?resize=350%2C200","width":350,"height":200,"srcset":"https:\/\/i0.wp.com\/www.altimara.eu\/blog\/wp-content\/uploads\/2014\/06\/MAR0573.jpg?resize=350%2C200 1x, https:\/\/i0.wp.com\/www.altimara.eu\/blog\/wp-content\/uploads\/2014\/06\/MAR0573.jpg?resize=525%2C300 1.5x, https:\/\/i0.wp.com\/www.altimara.eu\/blog\/wp-content\/uploads\/2014\/06\/MAR0573.jpg?resize=700%2C400 2x"},"classes":[]},{"id":1039,"url":"https:\/\/www.altimara.eu\/blog\/2014\/10\/04\/la-grande-epic-au-saint-loup-20\/","url_meta":{"origin":1096,"position":1},"title":"La Grande E[pic] au Saint Loup","author":"Martiou","date":"4 octobre 2014","format":false,"excerpt":"D\u00e9pose du four au d\u00e9part de la mont\u00e9e du Pic-St-loup. L\u00e0 o\u00f9 d\u00e9butera\u00a0le spectacle de \"La Grande E[pic] au Saint Loup\". du lourd, des costauds, de la belle ouvrage... \u00a0 Le four sera hant\u00e9 par un fond sonore issu du volcan des Vanuatu, enregistr\u00e9 par \u00a0les musiciens lors de leurs\u2026","rel":"","context":"Dans &quot;2 La Grande E[pic] au Saint Loup&quot;","block_context":{"text":"2 La Grande E[pic] au Saint Loup","link":"https:\/\/www.altimara.eu\/blog\/category\/2-la-grande-epic-au-saint-loup\/"},"img":{"alt_text":"_MAR3070","src":"https:\/\/i0.wp.com\/www.altimara.eu\/blog\/wp-content\/uploads\/2014\/10\/MAR3070.jpg?resize=350%2C200","width":350,"height":200,"srcset":"https:\/\/i0.wp.com\/www.altimara.eu\/blog\/wp-content\/uploads\/2014\/10\/MAR3070.jpg?resize=350%2C200 1x, https:\/\/i0.wp.com\/www.altimara.eu\/blog\/wp-content\/uploads\/2014\/10\/MAR3070.jpg?resize=525%2C300 1.5x, https:\/\/i0.wp.com\/www.altimara.eu\/blog\/wp-content\/uploads\/2014\/10\/MAR3070.jpg?resize=700%2C400 2x"},"classes":[]},{"id":916,"url":"https:\/\/www.altimara.eu\/blog\/2014\/05\/26\/la-grande-epic-au-saint-loup-10\/","url_meta":{"origin":1096,"position":2},"title":"La Grande E[pic] au Saint Loup","author":"Martiou","date":"26 mai 2014","format":false,"excerpt":"Avant dernier atelier de fabrication des grosses t\u00eates. Elles sont expos\u00e9es au Domaine de Mortiers, en attente de carbonisation. La construction du four est pour bient\u00f4t avec les essais de cuisson. La pression ne monte pas encore mais elle ne saurait tarder. Nous aurons un tr\u00e8s bel endroit, au pied\u2026","rel":"","context":"Dans &quot;2 La Grande E[pic] au Saint Loup&quot;","block_context":{"text":"2 La Grande E[pic] au Saint Loup","link":"https:\/\/www.altimara.eu\/blog\/category\/2-la-grande-epic-au-saint-loup\/"},"img":{"alt_text":"","src":"https:\/\/i0.wp.com\/www.altimara.eu\/blog\/wp-content\/uploads\/2014\/05\/DSC_0043.jpg?resize=350%2C200&ssl=1","width":350,"height":200,"srcset":"https:\/\/i0.wp.com\/www.altimara.eu\/blog\/wp-content\/uploads\/2014\/05\/DSC_0043.jpg?resize=350%2C200&ssl=1 1x, https:\/\/i0.wp.com\/www.altimara.eu\/blog\/wp-content\/uploads\/2014\/05\/DSC_0043.jpg?resize=525%2C300&ssl=1 1.5x"},"classes":[]},{"id":1057,"url":"https:\/\/www.altimara.eu\/blog\/2014\/10\/22\/la-grande-epic-au-saint-loup-22\/","url_meta":{"origin":1096,"position":3},"title":"La Grande E[pic] au Saint Loup","author":"Martiou","date":"22 octobre 2014","format":false,"excerpt":"Quand le G[rand] jour est arriv\u00e9 nous nous sommes bott\u00e9s de noir et marchant en file indienne nous, t\u00eates noires, avons r\u00e9alis\u00e9 l'ascension de nos envies de St Loup \u00a0 \u00a0 \u00a0 Photos \u00e0 retrouver ici direct:\u00a0https:\/\/www.flickr.com\/photos\/76279033@N02\/sets\/72157648611599169\/ ou ici plus complet: https:\/\/plus.google.com\/photos\/104442474742211662733\/albums\/5976234438310233873?banner=pwa","rel":"","context":"Dans &quot;2 La Grande E[pic] au Saint Loup&quot;","block_context":{"text":"2 La Grande E[pic] au Saint Loup","link":"https:\/\/www.altimara.eu\/blog\/category\/2-la-grande-epic-au-saint-loup\/"},"img":{"alt_text":"_MAR3300","src":"https:\/\/i0.wp.com\/www.altimara.eu\/blog\/wp-content\/uploads\/2014\/10\/MAR3300.jpg?resize=350%2C200","width":350,"height":200,"srcset":"https:\/\/i0.wp.com\/www.altimara.eu\/blog\/wp-content\/uploads\/2014\/10\/MAR3300.jpg?resize=350%2C200 1x, https:\/\/i0.wp.com\/www.altimara.eu\/blog\/wp-content\/uploads\/2014\/10\/MAR3300.jpg?resize=525%2C300 1.5x"},"classes":[]},{"id":934,"url":"https:\/\/www.altimara.eu\/blog\/2014\/06\/20\/la-grande-epic-au-saint-loup-13\/","url_meta":{"origin":1096,"position":4},"title":"La Grande E[pic] au Saint Loup","author":"Martiou","date":"20 juin 2014","format":false,"excerpt":"A la fin d'un travail acharn\u00e9 et m\u00e9thodique nous avons Alain et moi r\u00e9ussi \u00e0 terminer la construction du superbe four \u00e0 carboniser. Les essais sont une totale r\u00e9ussite. Deux t\u00eates, petit format, ont servies de test et au r\u00e9sultat d'une tr\u00e8s bien carbonis\u00e9e. La temp\u00e9rature monte bien dans ce\u2026","rel":"","context":"Dans &quot;2 La Grande E[pic] au Saint Loup&quot;","block_context":{"text":"2 La Grande E[pic] au Saint Loup","link":"https:\/\/www.altimara.eu\/blog\/category\/2-la-grande-epic-au-saint-loup\/"},"img":{"alt_text":"","src":"https:\/\/i0.wp.com\/www.altimara.eu\/blog\/wp-content\/uploads\/2014\/06\/MAR0422-2.jpg?resize=350%2C200&ssl=1","width":350,"height":200,"srcset":"https:\/\/i0.wp.com\/www.altimara.eu\/blog\/wp-content\/uploads\/2014\/06\/MAR0422-2.jpg?resize=350%2C200&ssl=1 1x, https:\/\/i0.wp.com\/www.altimara.eu\/blog\/wp-content\/uploads\/2014\/06\/MAR0422-2.jpg?resize=525%2C300&ssl=1 1.5x, https:\/\/i0.wp.com\/www.altimara.eu\/blog\/wp-content\/uploads\/2014\/06\/MAR0422-2.jpg?resize=700%2C400&ssl=1 2x"},"classes":[]},{"id":586,"url":"https:\/\/www.altimara.eu\/blog\/2014\/02\/10\/la-grande-epic-au-saint-loup-4\/","url_meta":{"origin":1096,"position":5},"title":"La Grande E[pic] au Saint Loup","author":"Martiou","date":"10 f\u00e9vrier 2014","format":false,"excerpt":"Quelques images dans le futur. Comment seront les t\u00eates carbonis\u00e9es??? A l'arr\u00eat sur une charbonni\u00e8re (un peu ravag\u00e9e par les sangliers) Au sommet du Pic","rel":"","context":"Dans &quot;2 La Grande E[pic] au Saint Loup&quot;","block_context":{"text":"2 La Grande E[pic] au Saint Loup","link":"https:\/\/www.altimara.eu\/blog\/category\/2-la-grande-epic-au-saint-loup\/"},"img":{"alt_text":"_MAC7427a","src":"https:\/\/i0.wp.com\/www.altimara.eu\/blog\/wp-content\/uploads\/2014\/02\/mac7427a.jpg?resize=350%2C200","width":350,"height":200,"srcset":"https:\/\/i0.wp.com\/www.altimara.eu\/blog\/wp-content\/uploads\/2014\/02\/mac7427a.jpg?resize=350%2C200 1x, https:\/\/i0.wp.com\/www.altimara.eu\/blog\/wp-content\/uploads\/2014\/02\/mac7427a.jpg?resize=525%2C300 1.5x"},"classes":[]}],"_links":{"self":[{"href":"https:\/\/www.altimara.eu\/blog\/wp-json\/wp\/v2\/posts\/1096","targetHints":{"allow":["GET"]}}],"collection":[{"href":"https:\/\/www.altimara.eu\/blog\/wp-json\/wp\/v2\/posts"}],"about":[{"href":"https:\/\/www.altimara.eu\/blog\/wp-json\/wp\/v2\/types\/post"}],"author":[{"embeddable":true,"href":"https:\/\/www.altimara.eu\/blog\/wp-json\/wp\/v2\/users\/3"}],"replies":[{"embeddable":true,"href":"https:\/\/www.altimara.eu\/blog\/wp-json\/wp\/v2\/comments?post=1096"}],"version-history":[{"count":0,"href":"https:\/\/www.altimara.eu\/blog\/wp-json\/wp\/v2\/posts\/1096\/revisions"}],"wp:attachment":[{"href":"https:\/\/www.altimara.eu\/blog\/wp-json\/wp\/v2\/media?parent=1096"}],"wp:term":[{"taxonomy":"category","embeddable":true,"href":"https:\/\/www.altimara.eu\/blog\/wp-json\/wp\/v2\/categories?post=1096"},{"taxonomy":"post_tag","embeddable":true,"href":"https:\/\/www.altimara.eu\/blog\/wp-json\/wp\/v2\/tags?post=1096"}],"curies":[{"name":"wp","href":"https:\/\/api.w.org\/{rel}","templated":true}]}}