{"id":105,"date":"2013-12-18T13:08:42","date_gmt":"2013-12-18T13:08:42","guid":{"rendered":"http:\/\/altimara.wordpress.com\/?p=105"},"modified":"2013-12-18T13:08:42","modified_gmt":"2013-12-18T13:08:42","slug":"fresh-winds-in-gardur","status":"publish","type":"post","link":"https:\/\/www.altimara.eu\/blog\/2013\/12\/18\/fresh-winds-in-gardur\/","title":{"rendered":"Fresh-winds in Gar\u00f0ur"},"content":{"rendered":"<p><a href=\"https:\/\/i0.wp.com\/www.altimara.eu\/blog\/wp-content\/uploads\/2013\/12\/993823_602365756477274_1292948919_n.png\"><img data-recalc-dims=\"1\" loading=\"lazy\" decoding=\"async\" data-attachment-id=\"182\" data-permalink=\"https:\/\/www.altimara.eu\/blog\/2013\/12\/18\/fresh-winds-in-gardur\/993823_602365756477274_1292948919_n\/\" data-orig-file=\"https:\/\/i0.wp.com\/www.altimara.eu\/blog\/wp-content\/uploads\/2013\/12\/993823_602365756477274_1292948919_n.png?fit=370%2C519&amp;ssl=1\" data-orig-size=\"370,519\" data-comments-opened=\"0\" data-image-meta=\"{&quot;aperture&quot;:&quot;0&quot;,&quot;credit&quot;:&quot;&quot;,&quot;camera&quot;:&quot;&quot;,&quot;caption&quot;:&quot;&quot;,&quot;created_timestamp&quot;:&quot;0&quot;,&quot;copyright&quot;:&quot;&quot;,&quot;focal_length&quot;:&quot;0&quot;,&quot;iso&quot;:&quot;0&quot;,&quot;shutter_speed&quot;:&quot;0&quot;,&quot;title&quot;:&quot;&quot;}\" data-image-title=\"993823_602365756477274_1292948919_n\" data-image-description=\"\" data-image-caption=\"\" data-large-file=\"https:\/\/i0.wp.com\/www.altimara.eu\/blog\/wp-content\/uploads\/2013\/12\/993823_602365756477274_1292948919_n.png?fit=370%2C519&amp;ssl=1\" class=\"alignnone size-medium wp-image-182\" alt=\"993823_602365756477274_1292948919_n\" src=\"https:\/\/i0.wp.com\/www.altimara.eu\/blog\/wp-content\/uploads\/2013\/12\/993823_602365756477274_1292948919_n.png?resize=213%2C300\" width=\"213\" height=\"300\" srcset=\"https:\/\/i0.wp.com\/www.altimara.eu\/blog\/wp-content\/uploads\/2013\/12\/993823_602365756477274_1292948919_n.png?w=370&amp;ssl=1 370w, https:\/\/i0.wp.com\/www.altimara.eu\/blog\/wp-content\/uploads\/2013\/12\/993823_602365756477274_1292948919_n.png?resize=213%2C300&amp;ssl=1 213w\" sizes=\"auto, (max-width: 213px) 100vw, 213px\" \/><\/a>La biennale Fresh-winds se d\u00e9roule en Islande du 21 d\u00e9cembre 2013 au 31 janvier 2014. Nous serons une cinquantaine d&rsquo;artistes, plasticiens ou cr\u00e9atifs \u00e0 oeuvrer sur place. L&rsquo;organisation met \u00e0 disposition un grand atelier. Les oeuvres seront expos\u00e9es en plein air principalement. Il y aura aussi des musiciens et chanteurs.<\/p>\n<p>Pour se donner une id\u00e9e: <a href=\"http:\/\/fresh-winds.com\" target=\"_blank\">http:\/\/fresh-winds.com<\/a><\/p>\n<p>Ou sur fa\u00efsse-bouc:\u00a0<a href=\"https:\/\/www.facebook.com\/pages\/Fresh-Winds-in-Gar%C3%B0ur\/135143246532863\" target=\"_blank\">https:\/\/www.facebook.com\/pages\/Fresh-Winds-in-Gar%C3%B0ur\/135143246532863<\/a><\/p>\n<p>Le best off:\u00a0<a href=\"https:\/\/picasaweb.google.com\/Martiacq\/Picasa1\" target=\"_blank\">https:\/\/picasaweb.google.com\/Martiacq\/Picasa1<\/a><\/p>\n<p>Vid\u00e9o in situ:Nr.1 &#8211;<br \/>\n<a href=\"https:\/\/www.youtube.com\/watch?v=08ZBX-uYsrs&amp;feature=youtu.be\" target=\"https:\/\/www.youtube.com\/watch?v=08ZBX-uYsrs&amp;feature=youtu.be\">https:\/\/www.youtube.com\/watch?v=08ZBX-uYsrs&amp;feature=youtu.be<\/a><\/p>\n<p>Nr.2<br \/>\n<a href=\"https:\/\/www.youtube.com\/watch?v=n7pZPH6vzSw&amp;feature=youtu.be\" target=\"https:\/\/www.youtube.com\/watch?v=n7pZPH6vzSw&amp;feature=youtu.be\">https:\/\/www.youtube.com\/watch?v=n7pZPH6vzSw&amp;feature=youtu.be<\/a><\/p>\n<p>ARTE:<a href=\"http:\/\/ http:\/\/www.arte.tv\/fr\/fresh-winds-festival\/7722572.html\" target=\"_blank\">\u00a0http:\/\/www.arte.tv\/fr\/fresh-winds-festival\/7722572.html<\/a><\/p>\n<p>Mireya, l&rsquo;organisatrice du festival avec sa fille, son chien et au fond son copain Vi\u00f0ir, le bricoleur\u00a0<a href=\"https:\/\/i0.wp.com\/www.altimara.eu\/blog\/wp-content\/uploads\/2013\/12\/mac5408.jpg\"><img data-recalc-dims=\"1\" loading=\"lazy\" decoding=\"async\" alt=\"_MAC5408\" src=\"https:\/\/i0.wp.com\/www.altimara.eu\/blog\/wp-content\/uploads\/2013\/12\/mac5408.jpg?resize=300%2C199\" width=\"300\" height=\"199\" \/><\/a><\/p>\n","protected":false},"excerpt":{"rendered":"<p>La biennale Fresh-winds se d\u00e9roule en Islande du 21 d\u00e9cembre 2013 au 31 janvier 2014. Nous serons une cinquantaine d&rsquo;artistes, plasticiens ou cr\u00e9atifs \u00e0 oeuvrer sur place. L&rsquo;organisation met \u00e0 disposition un grand atelier. Les oeuvres seront expos\u00e9es en plein air principalement. Il y aura aussi des musiciens et chanteurs. Pour se donner une id\u00e9e: [&hellip;]<\/p>\n","protected":false},"author":3,"featured_media":0,"comment_status":"closed","ping_status":"open","sticky":false,"template":"","format":"standard","meta":{"ngg_post_thumbnail":0,"jetpack_post_was_ever_published":false,"_jetpack_newsletter_access":"","_jetpack_dont_email_post_to_subs":false,"_jetpack_newsletter_tier_id":0,"_jetpack_memberships_contains_paywalled_content":false,"_jetpack_memberships_contains_paid_content":false,"footnotes":"","jetpack_publicize_message":"","jetpack_publicize_feature_enabled":true,"jetpack_social_post_already_shared":false,"jetpack_social_options":{"image_generator_settings":{"template":"highway","default_image_id":0,"font":"","enabled":false},"version":2}},"categories":[4],"tags":[],"class_list":["post-105","post","type-post","status-publish","format-standard","hentry","category-3-islande-fresh-winds"],"jetpack_publicize_connections":[],"jetpack_featured_media_url":"","jetpack_shortlink":"https:\/\/wp.me\/p4r91c-1H","jetpack_sharing_enabled":true,"jetpack-related-posts":[{"id":672,"url":"https:\/\/www.altimara.eu\/blog\/2014\/02\/19\/suite-fresh-winds\/","url_meta":{"origin":105,"position":0},"title":"Suite Fresh winds","author":"Martiou","date":"19 f\u00e9vrier 2014","format":false,"excerpt":"Des nouvelles de Lionel Guibout, peintre amoureux des for\u00eats:\u00a0http:\/\/blogs.thenational.ae\/arts-culture\/the-art-blog\/five-minutes-with-lionel-guibout","rel":"","context":"Dans &quot;Autre&quot;","block_context":{"text":"Autre","link":"https:\/\/www.altimara.eu\/blog\/category\/autre\/"},"img":{"alt_text":"","src":"","width":0,"height":0},"classes":[]},{"id":783,"url":"https:\/\/www.altimara.eu\/blog\/2014\/03\/27\/suite-fresh-winds-2\/","url_meta":{"origin":105,"position":1},"title":"Suite Fresh winds","author":"Martiou","date":"27 mars 2014","format":false,"excerpt":"Je viens de recevoir les photos du d\u00e9montage de la meule charbonni\u00e8re. L'\"ar\u00e8ne\", les murs en bacs \u00e0 poissons qui prot\u00e9geaient du vent ont \u00e9t\u00e9 d\u00e9mont\u00e9. Vig\u00f0is r\u00e9cup\u00e8re le charbon, qui a l'air correct avec quelques incuits de la base des bouts de bois, ce qui est normal. Le charbon\u2026","rel":"","context":"Dans &quot;FRESH WINDS art&quot;","block_context":{"text":"FRESH WINDS art","link":"https:\/\/www.altimara.eu\/blog\/category\/charbon-de-bois-islande\/3-islande-fresh-winds\/"},"img":{"alt_text":"SAL_4073","src":"https:\/\/i0.wp.com\/www.altimara.eu\/blog\/wp-content\/uploads\/2014\/03\/SAL_4073.jpg?resize=350%2C200","width":350,"height":200,"srcset":"https:\/\/i0.wp.com\/www.altimara.eu\/blog\/wp-content\/uploads\/2014\/03\/SAL_4073.jpg?resize=350%2C200 1x, https:\/\/i0.wp.com\/www.altimara.eu\/blog\/wp-content\/uploads\/2014\/03\/SAL_4073.jpg?resize=525%2C300 1.5x, https:\/\/i0.wp.com\/www.altimara.eu\/blog\/wp-content\/uploads\/2014\/03\/SAL_4073.jpg?resize=700%2C400 2x"},"classes":[]},{"id":42,"url":"https:\/\/www.altimara.eu\/blog\/2013\/12\/18\/carbonisations-boreales\/","url_meta":{"origin":105,"position":2},"title":"Carbonisations bor\u00e9ales","author":"Martiou","date":"18 d\u00e9cembre 2013","format":false,"excerpt":"Carboniser dans un pays sans arbres (ou presque), dans la neige et sous les aurores bor\u00e9ales, me voil\u00e0 parti dans un r\u00eave lointain. Demain j'arrive tout au bout de la presqu'\u00eele de Reykjanes pour participer avec 50 artistes au festival \"Fresh-winds in Gar\u00f0ur\". Je vais r\u00e9aliser plusieurs cuissons de charbonni\u00e8res\u2026","rel":"","context":"Dans &quot;Charbon de bois&quot;","block_context":{"text":"Charbon de bois","link":"https:\/\/www.altimara.eu\/blog\/category\/charbon-de-bois-carbon-art\/"},"img":{"alt_text":"_MAC1433","src":"https:\/\/i0.wp.com\/www.altimara.eu\/blog\/wp-content\/uploads\/2013\/12\/mac1433.jpg?resize=350%2C200","width":350,"height":200,"srcset":"https:\/\/i0.wp.com\/www.altimara.eu\/blog\/wp-content\/uploads\/2013\/12\/mac1433.jpg?resize=350%2C200 1x, https:\/\/i0.wp.com\/www.altimara.eu\/blog\/wp-content\/uploads\/2013\/12\/mac1433.jpg?resize=525%2C300 1.5x, https:\/\/i0.wp.com\/www.altimara.eu\/blog\/wp-content\/uploads\/2013\/12\/mac1433.jpg?resize=700%2C400 2x"},"classes":[]},{"id":590,"url":"https:\/\/www.altimara.eu\/blog\/2014\/02\/11\/concert-de-tomoo\/","url_meta":{"origin":105,"position":3},"title":"Concert de Tomoo","author":"Martiou","date":"11 f\u00e9vrier 2014","format":false,"excerpt":"Belles retrouvailles avec des \"anciens\" de Fresh winds. Nous avons assist\u00e9 au concert de Tomoo \u00e0 Rodez. Il \u00e9tait accompagn\u00e9 par Samantha. Deux artistes que j'ai connu lors de la r\u00e9sidence \u00e0 Gardur. Tomoo est japonais et joue de la musique avec des \"orins\", bols fun\u00e9raires bouddhiques. Samatha est Loz\u00e9rienne\u2026","rel":"","context":"Dans &quot;FRESH WINDS art&quot;","block_context":{"text":"FRESH WINDS art","link":"https:\/\/www.altimara.eu\/blog\/category\/charbon-de-bois-islande\/3-islande-fresh-winds\/"},"img":{"alt_text":"DSCF4815","src":"https:\/\/i0.wp.com\/www.altimara.eu\/blog\/wp-content\/uploads\/2014\/02\/dscf4815.jpg?resize=350%2C200","width":350,"height":200,"srcset":"https:\/\/i0.wp.com\/www.altimara.eu\/blog\/wp-content\/uploads\/2014\/02\/dscf4815.jpg?resize=350%2C200 1x, https:\/\/i0.wp.com\/www.altimara.eu\/blog\/wp-content\/uploads\/2014\/02\/dscf4815.jpg?resize=525%2C300 1.5x"},"classes":[]},{"id":547,"url":"https:\/\/www.altimara.eu\/blog\/2014\/02\/05\/ma-charbonniere-en-islande-a-la-television\/","url_meta":{"origin":105,"position":4},"title":"Ma charbonni\u00e8re en Islande \u00e0 la t\u00e9l\u00e9vision","author":"Martiou","date":"5 f\u00e9vrier 2014","format":false,"excerpt":"La chaine nationale de t\u00e9l\u00e9vision islandaise RUV est venue nous filmer.\u00a0http:\/\/www.ruv.is\/sarpurinn\/djoflaeyjan\/04022014-0","rel":"","context":"Dans &quot;Carbon-art&quot;","block_context":{"text":"Carbon-art","link":"https:\/\/www.altimara.eu\/blog\/category\/carbon-art\/"},"img":{"alt_text":"","src":"","width":0,"height":0},"classes":[]},{"id":192,"url":"https:\/\/www.altimara.eu\/blog\/2013\/12\/27\/me-voila-arrive\/","url_meta":{"origin":105,"position":5},"title":"Me voil\u00e0 arriv\u00e9 \u00e0 Gar\u00f0ur","author":"Martiou","date":"27 d\u00e9cembre 2013","format":"image","excerpt":"Un vent a d\u00e9corner les vikings avec des illuminations tr\u00e8s typ\u00e9es et un arbre au milieu de nulle part, vais je le carboniser !!! avec la maison du gnome la preuve par ses v\u00eatements et il n'est que 16:30","rel":"","context":"Dans &quot;FRESH WINDS art&quot;","block_context":{"text":"FRESH WINDS art","link":"https:\/\/www.altimara.eu\/blog\/category\/charbon-de-bois-islande\/3-islande-fresh-winds\/"},"img":{"alt_text":"_MAC5263","src":"https:\/\/i0.wp.com\/www.altimara.eu\/blog\/wp-content\/uploads\/2013\/12\/mac5263.jpg?resize=350%2C200","width":350,"height":200,"srcset":"https:\/\/i0.wp.com\/www.altimara.eu\/blog\/wp-content\/uploads\/2013\/12\/mac5263.jpg?resize=350%2C200 1x, https:\/\/i0.wp.com\/www.altimara.eu\/blog\/wp-content\/uploads\/2013\/12\/mac5263.jpg?resize=525%2C300 1.5x"},"classes":[]}],"_links":{"self":[{"href":"https:\/\/www.altimara.eu\/blog\/wp-json\/wp\/v2\/posts\/105","targetHints":{"allow":["GET"]}}],"collection":[{"href":"https:\/\/www.altimara.eu\/blog\/wp-json\/wp\/v2\/posts"}],"about":[{"href":"https:\/\/www.altimara.eu\/blog\/wp-json\/wp\/v2\/types\/post"}],"author":[{"embeddable":true,"href":"https:\/\/www.altimara.eu\/blog\/wp-json\/wp\/v2\/users\/3"}],"replies":[{"embeddable":true,"href":"https:\/\/www.altimara.eu\/blog\/wp-json\/wp\/v2\/comments?post=105"}],"version-history":[{"count":0,"href":"https:\/\/www.altimara.eu\/blog\/wp-json\/wp\/v2\/posts\/105\/revisions"}],"wp:attachment":[{"href":"https:\/\/www.altimara.eu\/blog\/wp-json\/wp\/v2\/media?parent=105"}],"wp:term":[{"taxonomy":"category","embeddable":true,"href":"https:\/\/www.altimara.eu\/blog\/wp-json\/wp\/v2\/categories?post=105"},{"taxonomy":"post_tag","embeddable":true,"href":"https:\/\/www.altimara.eu\/blog\/wp-json\/wp\/v2\/tags?post=105"}],"curies":[{"name":"wp","href":"https:\/\/api.w.org\/{rel}","templated":true}]}}