{"id":1005,"date":"2014-08-30T09:07:14","date_gmt":"2014-08-30T08:07:14","guid":{"rendered":"https:\/\/www.altimara.eu\/blog\/?p=1005"},"modified":"2015-08-18T22:30:51","modified_gmt":"2015-08-18T21:30:51","slug":"bois-dislande-9","status":"publish","type":"post","link":"https:\/\/www.altimara.eu\/blog\/2014\/08\/30\/bois-dislande-9\/","title":{"rendered":"Bois d&rsquo;Islande"},"content":{"rendered":"<p>Un lieu \u00e9trange, l&rsquo;activit\u00e9 volcanique devenue sculptrice, l&rsquo;actualit\u00e9 rejoint le pass\u00e9. Une \u00e9ruption du volcan Katla, tant redout\u00e9, il y a plus de 1200 ans \u00e0 g\u00e9n\u00e9r\u00e9 une coul\u00e9e de boue, un jokullhraup, qui a enseveli une belle for\u00eat. Il y avait l\u00e0 des arbres de 500 \u00e0 600 ans. L&rsquo;\u00e9rosion a mis \u00e0 jour les souches.<\/p>\n<div class=\"page-header\">\n<h1>Drumbab\u00f3t<\/h1>\n<\/div>\n<p><a href=\"https:\/\/i0.wp.com\/www.altimara.eu\/blog\/wp-content\/uploads\/2014\/08\/MAR2445.jpg\"><img data-recalc-dims=\"1\" loading=\"lazy\" decoding=\"async\" data-attachment-id=\"1006\" data-permalink=\"https:\/\/www.altimara.eu\/blog\/2014\/08\/30\/bois-dislande-9\/_mar2445\/\" data-orig-file=\"https:\/\/i0.wp.com\/www.altimara.eu\/blog\/wp-content\/uploads\/2014\/08\/MAR2445.jpg?fit=885%2C590&amp;ssl=1\" data-orig-size=\"885,590\" data-comments-opened=\"1\" data-image-meta=\"{&quot;aperture&quot;:&quot;14&quot;,&quot;credit&quot;:&quot;ACQUARONE Martial&quot;,&quot;camera&quot;:&quot;NIKON D800&quot;,&quot;caption&quot;:&quot;&quot;,&quot;created_timestamp&quot;:&quot;1409338108&quot;,&quot;copyright&quot;:&quot;ACQUARONE Martial&quot;,&quot;focal_length&quot;:&quot;55&quot;,&quot;iso&quot;:&quot;1250&quot;,&quot;shutter_speed&quot;:&quot;0.003125&quot;,&quot;title&quot;:&quot;&quot;}\" data-image-title=\"_MAR2445\" data-image-description=\"\" data-image-caption=\"\" data-large-file=\"https:\/\/i0.wp.com\/www.altimara.eu\/blog\/wp-content\/uploads\/2014\/08\/MAR2445.jpg?fit=627%2C418&amp;ssl=1\" class=\"aligncenter size-full wp-image-1006\" src=\"https:\/\/i0.wp.com\/www.altimara.eu\/blog\/wp-content\/uploads\/2014\/08\/MAR2445.jpg?resize=627%2C418\" alt=\"_MAR2445\" width=\"627\" height=\"418\" srcset=\"https:\/\/i0.wp.com\/www.altimara.eu\/blog\/wp-content\/uploads\/2014\/08\/MAR2445.jpg?w=885&amp;ssl=1 885w, https:\/\/i0.wp.com\/www.altimara.eu\/blog\/wp-content\/uploads\/2014\/08\/MAR2445.jpg?resize=300%2C200&amp;ssl=1 300w\" sizes=\"auto, (max-width: 627px) 100vw, 627px\" \/><\/a><\/p>\n<p><a href=\"https:\/\/i0.wp.com\/www.altimara.eu\/blog\/wp-content\/uploads\/2014\/08\/MAR2434.jpg\"><img data-recalc-dims=\"1\" loading=\"lazy\" decoding=\"async\" data-attachment-id=\"1008\" data-permalink=\"https:\/\/www.altimara.eu\/blog\/2014\/08\/30\/bois-dislande-9\/_mar2434\/\" data-orig-file=\"https:\/\/i0.wp.com\/www.altimara.eu\/blog\/wp-content\/uploads\/2014\/08\/MAR2434.jpg?fit=667%2C1000&amp;ssl=1\" data-orig-size=\"667,1000\" data-comments-opened=\"1\" data-image-meta=\"{&quot;aperture&quot;:&quot;9&quot;,&quot;credit&quot;:&quot;ACQUARONE Martial&quot;,&quot;camera&quot;:&quot;NIKON D800&quot;,&quot;caption&quot;:&quot;&quot;,&quot;created_timestamp&quot;:&quot;1409337760&quot;,&quot;copyright&quot;:&quot;ACQUARONE Martial&quot;,&quot;focal_length&quot;:&quot;70&quot;,&quot;iso&quot;:&quot;1250&quot;,&quot;shutter_speed&quot;:&quot;0.00625&quot;,&quot;title&quot;:&quot;&quot;}\" data-image-title=\"_MAR2434\" data-image-description=\"\" data-image-caption=\"\" data-large-file=\"https:\/\/i0.wp.com\/www.altimara.eu\/blog\/wp-content\/uploads\/2014\/08\/MAR2434.jpg?fit=627%2C940&amp;ssl=1\" class=\"aligncenter size-full wp-image-1008\" src=\"https:\/\/i0.wp.com\/www.altimara.eu\/blog\/wp-content\/uploads\/2014\/08\/MAR2434.jpg?resize=627%2C940\" alt=\"_MAR2434\" width=\"627\" height=\"940\" srcset=\"https:\/\/i0.wp.com\/www.altimara.eu\/blog\/wp-content\/uploads\/2014\/08\/MAR2434.jpg?w=667&amp;ssl=1 667w, https:\/\/i0.wp.com\/www.altimara.eu\/blog\/wp-content\/uploads\/2014\/08\/MAR2434.jpg?resize=200%2C300&amp;ssl=1 200w\" sizes=\"auto, (max-width: 627px) 100vw, 627px\" \/><\/a><\/p>\n","protected":false},"excerpt":{"rendered":"<p>Un lieu \u00e9trange, l&rsquo;activit\u00e9 volcanique devenue sculptrice, l&rsquo;actualit\u00e9 rejoint le pass\u00e9. Une \u00e9ruption du volcan Katla, tant redout\u00e9, il y a plus de 1200 ans \u00e0 g\u00e9n\u00e9r\u00e9 une coul\u00e9e de boue, un jokullhraup, qui a enseveli une belle for\u00eat. Il y avait l\u00e0 des arbres de 500 \u00e0 600 ans. L&rsquo;\u00e9rosion a mis \u00e0 jour [&hellip;]<\/p>\n","protected":false},"author":3,"featured_media":0,"comment_status":"open","ping_status":"open","sticky":false,"template":"","format":"standard","meta":{"ngg_post_thumbnail":0,"jetpack_post_was_ever_published":false,"_jetpack_newsletter_access":"","_jetpack_dont_email_post_to_subs":false,"_jetpack_newsletter_tier_id":0,"_jetpack_memberships_contains_paywalled_content":false,"_jetpack_memberships_contains_paid_content":false,"footnotes":"","jetpack_publicize_message":"","jetpack_publicize_feature_enabled":true,"jetpack_social_post_already_shared":true,"jetpack_social_options":{"image_generator_settings":{"template":"highway","default_image_id":0,"font":"","enabled":false},"version":2}},"categories":[35],"tags":[],"class_list":["post-1005","post","type-post","status-publish","format-standard","hentry","category-bois-dislande-bois-flotte-bois-plante"],"jetpack_publicize_connections":[],"jetpack_featured_media_url":"","jetpack_shortlink":"https:\/\/wp.me\/p4r91c-gd","jetpack_sharing_enabled":true,"jetpack-related-posts":[{"id":1940,"url":"https:\/\/www.altimara.eu\/blog\/2016\/07\/23\/bois-dislande-20\/","url_meta":{"origin":1005,"position":0},"title":"Bois d&rsquo;Islande","author":"Martiou","date":"23 juillet 2016","format":false,"excerpt":"C'est dans le sud, sur la plage du beau lagon glaciaire de J\u00f6kuls\u00e1rl\u00f3n, que j'ai vu un bois flott\u00e9 au milieu des petits \"icebergs\". Cette partie de l'Islande est l\u00e9ch\u00e9e par le Gulf Stream qui r\u00e9chauffe l'ensemble des cotes. Les bois flott\u00e9s sont plut\u00f4t d'origine du golfe du Mexique. A\u2026","rel":"","context":"Dans &quot;Bois d'Islande, bois flott\u00e9, bois plant\u00e9&quot;","block_context":{"text":"Bois d'Islande, bois flott\u00e9, bois plant\u00e9","link":"https:\/\/www.altimara.eu\/blog\/category\/charbon-de-bois-islande\/bois-dislande-bois-flotte-bois-plante\/"},"img":{"alt_text":"IMG_20160712_171439523_HDR","src":"https:\/\/i0.wp.com\/www.altimara.eu\/blog\/wp-content\/uploads\/2016\/07\/IMG_20160712_171439523_HDR-1.jpg?resize=350%2C200","width":350,"height":200,"srcset":"https:\/\/i0.wp.com\/www.altimara.eu\/blog\/wp-content\/uploads\/2016\/07\/IMG_20160712_171439523_HDR-1.jpg?resize=350%2C200 1x, https:\/\/i0.wp.com\/www.altimara.eu\/blog\/wp-content\/uploads\/2016\/07\/IMG_20160712_171439523_HDR-1.jpg?resize=525%2C300 1.5x"},"classes":[]},{"id":4223,"url":"https:\/\/www.altimara.eu\/blog\/2023\/11\/17\/montagne-meule\/","url_meta":{"origin":1005,"position":1},"title":"Montagne meule","author":"Martiou","date":"17 novembre 2023","format":false,"excerpt":"Si j'\u00e9prouve des int\u00e9r\u00eats pour le volcanisme islandais, qui \u00e0 ce jour du 16 novembre 2023, est en pleine activit\u00e9, c'est lors d'une promenade en Auvergne que j'ai rencontr\u00e9 un volcan ami. J'ai \u00e9t\u00e9 saisi par la ressemblance forte de la structure des orgues basaltiques avec nos meules de charbonni\u00e8res.\u2026","rel":"","context":"Dans &quot;Non class\u00e9&quot;","block_context":{"text":"Non class\u00e9","link":"https:\/\/www.altimara.eu\/blog\/category\/non-classe\/"},"img":{"alt_text":"","src":"https:\/\/i0.wp.com\/www.altimara.eu\/blog\/wp-content\/uploads\/2024\/01\/4.png?resize=350%2C200&ssl=1","width":350,"height":200,"srcset":"https:\/\/i0.wp.com\/www.altimara.eu\/blog\/wp-content\/uploads\/2024\/01\/4.png?resize=350%2C200&ssl=1 1x, https:\/\/i0.wp.com\/www.altimara.eu\/blog\/wp-content\/uploads\/2024\/01\/4.png?resize=525%2C300&ssl=1 1.5x, https:\/\/i0.wp.com\/www.altimara.eu\/blog\/wp-content\/uploads\/2024\/01\/4.png?resize=700%2C400&ssl=1 2x"},"classes":[]},{"id":4614,"url":"https:\/\/www.altimara.eu\/blog\/2025\/07\/26\/kolakaka-episode-2\/","url_meta":{"origin":1005,"position":2},"title":"Kolakaka \u00e9pisode 2","author":"Martiou","date":"26 juillet 2025","format":false,"excerpt":"Nous voil\u00e0 de retour dans la ferme de Kidda et Siggi, au sud de l'Islande. L'endroit est isol\u00e9, non loin de l'oc\u00e9an et sous le regard du M\u00fdrdalsj\u00f6kull, formidable calotte glaciaire qui chapeaute le terrible volcan Katla. La ferme \u00deikkvab\u00e6jarklaustur. Premier temps, d\u00e9guster des c\u00f4telettes d'agneaux de la ferme cuites\u2026","rel":"","context":"Dans &quot;0- MES CHARBONNI\u00c8RES&quot;","block_context":{"text":"0- MES CHARBONNI\u00c8RES","link":"https:\/\/www.altimara.eu\/blog\/category\/mes-charbonnieres\/"},"img":{"alt_text":"","src":"https:\/\/i0.wp.com\/www.altimara.eu\/blog\/wp-content\/uploads\/2025\/07\/MA5_6966.jpg?resize=350%2C200&ssl=1","width":350,"height":200,"srcset":"https:\/\/i0.wp.com\/www.altimara.eu\/blog\/wp-content\/uploads\/2025\/07\/MA5_6966.jpg?resize=350%2C200&ssl=1 1x, https:\/\/i0.wp.com\/www.altimara.eu\/blog\/wp-content\/uploads\/2025\/07\/MA5_6966.jpg?resize=525%2C300&ssl=1 1.5x, https:\/\/i0.wp.com\/www.altimara.eu\/blog\/wp-content\/uploads\/2025\/07\/MA5_6966.jpg?resize=700%2C400&ssl=1 2x"},"classes":[]},{"id":1712,"url":"https:\/\/www.altimara.eu\/blog\/2016\/03\/15\/charbonnier-eolien\/","url_meta":{"origin":1005,"position":3},"title":"Charbonnier Eolien","author":"Martiou","date":"15 mars 2016","format":false,"excerpt":"Le village de Leni. En balade dans les \u00eeles \u00c9oliennes, dont la plus connue est Stromboli, une sorte d'immense charbonni\u00e8re de 900 m de haut ( un volcan). L'archipel compte 7 \u00eeles volcaniques. Nous sommes en escale dans la grande et belle \u00eele de Salina. Premi\u00e8re rencontre avec la femme\u2026","rel":"","context":"Dans &quot;Charbon de bois&quot;","block_context":{"text":"Charbon de bois","link":"https:\/\/www.altimara.eu\/blog\/category\/charbon-de-bois-carbon-art\/"},"img":{"alt_text":"IMG_20160315_154826913_HDR","src":"https:\/\/i0.wp.com\/www.altimara.eu\/blog\/wp-content\/uploads\/2016\/03\/IMG_20160315_154826913_HDR-1024x576.jpg?resize=350%2C200","width":350,"height":200,"srcset":"https:\/\/i0.wp.com\/www.altimara.eu\/blog\/wp-content\/uploads\/2016\/03\/IMG_20160315_154826913_HDR-1024x576.jpg?resize=350%2C200 1x, https:\/\/i0.wp.com\/www.altimara.eu\/blog\/wp-content\/uploads\/2016\/03\/IMG_20160315_154826913_HDR-1024x576.jpg?resize=525%2C300 1.5x"},"classes":[]},{"id":1409,"url":"https:\/\/www.altimara.eu\/blog\/2015\/07\/14\/bois-dislande-13\/","url_meta":{"origin":1005,"position":4},"title":"Charbon de bois d&rsquo;Islande","author":"Martiou","date":"14 juillet 2015","format":false,"excerpt":"Depuis longtemps je cherche du sel noir d\u2019Hawa\u00ef. Ce sel est extrait de l'eau du Pacifique dans l'\u00eele de Moloka\u00ef. Il est ensuite m\u00e9lang\u00e9 \u00e0 du charbon actif qui lui donne sa couleur noire. Recherch\u00e9 pour sa qualit\u00e9 gustative moins agressive que le sel standard des salins on ne le\u2026","rel":"","context":"Dans &quot;3 Charbon de bois Islande&quot;","block_context":{"text":"3 Charbon de bois Islande","link":"https:\/\/www.altimara.eu\/blog\/category\/charbon-de-bois-islande\/"},"img":{"alt_text":"black-lava.jpg-for-web","src":"https:\/\/i0.wp.com\/www.altimara.eu\/blog\/wp-content\/uploads\/2015\/07\/black-lava.jpg-for-web-162x300.jpg?resize=350%2C200","width":350,"height":200},"classes":[]},{"id":1966,"url":"https:\/\/www.altimara.eu\/blog\/2016\/08\/15\/sel-noir-dislande\/","url_meta":{"origin":1005,"position":5},"title":"Sel noir d&rsquo;Islande","author":"Martiou","date":"15 ao\u00fbt 2016","format":false,"excerpt":"Le sel noir fait recette en Islande. Le sel islandais est issu de l'oc\u00e9an Atlantique, par traitement g\u00e9othermique, c'est \u00e0 dire par \u00e9vaporation forc\u00e9e de l'eau de mer au contact de la chaleur de l'eau chaude naturelle. Le sel noir est inspir\u00e9 du fameux sel d'Hawa\u00ef. Un sel m\u00e9lang\u00e9 de\u2026","rel":"","context":"Dans &quot;Autre&quot;","block_context":{"text":"Autre","link":"https:\/\/www.altimara.eu\/blog\/category\/autre\/"},"img":{"alt_text":"IMG_20160705_101429104_HDR-2","src":"https:\/\/i0.wp.com\/www.altimara.eu\/blog\/wp-content\/uploads\/2016\/08\/IMG_20160705_101429104_HDR-2-261x300.jpg?resize=350%2C200","width":350,"height":200},"classes":[]}],"_links":{"self":[{"href":"https:\/\/www.altimara.eu\/blog\/wp-json\/wp\/v2\/posts\/1005","targetHints":{"allow":["GET"]}}],"collection":[{"href":"https:\/\/www.altimara.eu\/blog\/wp-json\/wp\/v2\/posts"}],"about":[{"href":"https:\/\/www.altimara.eu\/blog\/wp-json\/wp\/v2\/types\/post"}],"author":[{"embeddable":true,"href":"https:\/\/www.altimara.eu\/blog\/wp-json\/wp\/v2\/users\/3"}],"replies":[{"embeddable":true,"href":"https:\/\/www.altimara.eu\/blog\/wp-json\/wp\/v2\/comments?post=1005"}],"version-history":[{"count":0,"href":"https:\/\/www.altimara.eu\/blog\/wp-json\/wp\/v2\/posts\/1005\/revisions"}],"wp:attachment":[{"href":"https:\/\/www.altimara.eu\/blog\/wp-json\/wp\/v2\/media?parent=1005"}],"wp:term":[{"taxonomy":"category","embeddable":true,"href":"https:\/\/www.altimara.eu\/blog\/wp-json\/wp\/v2\/categories?post=1005"},{"taxonomy":"post_tag","embeddable":true,"href":"https:\/\/www.altimara.eu\/blog\/wp-json\/wp\/v2\/tags?post=1005"}],"curies":[{"name":"wp","href":"https:\/\/api.w.org\/{rel}","templated":true}]}}